{"id":148291,"date":"2022-05-29T20:02:59","date_gmt":"2022-05-29T23:02:59","guid":{"rendered":"http:\/\/centraldeportes.com.ar\/?p=17028"},"modified":"2022-05-29T20:02:59","modified_gmt":"2022-05-29T23:02:59","slug":"villa-mailin-es-el-campeon-del-torneo-clausura","status":"publish","type":"post","link":"https:\/\/cdnoticias.com\/index.php\/2022\/05\/29\/villa-mailin-es-el-campeon-del-torneo-clausura\/","title":{"rendered":"Villa Mail\u00edn es el campe\u00f3n del Torneo Clausura"},"content":{"rendered":"<p>Se defini\u00f3 el Torneo Clausura de la Primera B organizado por la Liga de F\u00fatbol de Olavarr\u00eda. Villa Mail\u00edn logr\u00f3 la victoria que necesitaba para quedarse con el t\u00edtulo.<!--more--><\/p>\n<hr \/>\n<p>En dos escenarios se complet\u00f3 la actividad de la Primera B y se defini\u00f3 el certamen a favor de Villa Mail\u00edn que logr\u00f3 el triunfo que necesitaba.<\/p>\n<p>&nbsp;<\/p>\n<p>[soliloquy slug=&#8221;primera-b-5&#8243;]<\/p>\n<p>&nbsp;<\/p>\n<p>Los resultados:<\/p>\n<p><strong>Villa Mail\u00edn<\/strong> <strong>3<\/strong> (Federico Larregina -2- y Franco Orsetti) \u2013 <strong>0 Defensores de Hinojo<\/strong><\/p>\n<p><strong>Independiente 3<\/strong> (Wenchill\u00e1n, Pablo P\u00e9rez y Juli\u00e1n P\u00e9rez) \u2013 <strong>1<\/strong> (Mart\u00edn Pereyra) <strong>Villa Magdalena<\/strong><\/p>\n<p><strong>Espigas 3<\/strong> (Jes\u00fas Pal -2- y Mat\u00edas M\u00f3naco) \u2013 <strong>1<\/strong> (Carlos Arena) <strong>El Provincial<\/strong><\/p>\n<p>&nbsp;<\/p>\n<p>El pr\u00f3ximo domingo 12, se jugar\u00e1 la final del a\u00f1o entre Espigas y Villa Mail\u00edn donde se pondr\u00e1 en juego la \u201cCopa Preparaci\u00f3n\u201d.<\/p>\n","protected":false},"excerpt":{"rendered":"<p>Se defini\u00f3 el Torneo Clausura de la Primera B organizado por la Liga de F\u00fatbol de Olavarr\u00eda. Villa Mail\u00edn logr\u00f3<\/p>\n","protected":false},"author":96739694,"featured_media":148293,"comment_status":"closed","ping_status":"closed","sticky":false,"template":"","format":"standard","meta":{"_jetpack_memberships_contains_paid_content":false,"footnotes":""},"categories":[35,1,41],"tags":[],"class_list":["post-148291","post","type-post","status-publish","format-standard","has-post-thumbnail","hentry","category-futbol","category-portada","category-primera-y-reserva"],"jetpack_featured_media_url":"https:\/\/i0.wp.com\/cdnoticias.com\/wp-content\/uploads\/2022\/05\/primera-b_3-3.jpg?fit=1280%2C853&ssl=1","jetpack_sharing_enabled":true,"_links":{"self":[{"href":"https:\/\/cdnoticias.com\/index.php\/wp-json\/wp\/v2\/posts\/148291","targetHints":{"allow":["GET"]}}],"collection":[{"href":"https:\/\/cdnoticias.com\/index.php\/wp-json\/wp\/v2\/posts"}],"about":[{"href":"https:\/\/cdnoticias.com\/index.php\/wp-json\/wp\/v2\/types\/post"}],"author":[{"embeddable":true,"href":"https:\/\/cdnoticias.com\/index.php\/wp-json\/wp\/v2\/users\/96739694"}],"replies":[{"embeddable":true,"href":"https:\/\/cdnoticias.com\/index.php\/wp-json\/wp\/v2\/comments?post=148291"}],"version-history":[{"count":0,"href":"https:\/\/cdnoticias.com\/index.php\/wp-json\/wp\/v2\/posts\/148291\/revisions"}],"wp:featuredmedia":[{"embeddable":true,"href":"https:\/\/cdnoticias.com\/index.php\/wp-json\/wp\/v2\/media\/148293"}],"wp:attachment":[{"href":"https:\/\/cdnoticias.com\/index.php\/wp-json\/wp\/v2\/media?parent=148291"}],"wp:term":[{"taxonomy":"category","embeddable":true,"href":"https:\/\/cdnoticias.com\/index.php\/wp-json\/wp\/v2\/categories?post=148291"},{"taxonomy":"post_tag","embeddable":true,"href":"https:\/\/cdnoticias.com\/index.php\/wp-json\/wp\/v2\/tags?post=148291"}],"curies":[{"name":"wp","href":"https:\/\/api.w.org\/{rel}","templated":true}]}}