{"id":148237,"date":"2022-05-27T14:59:15","date_gmt":"2022-05-27T17:59:15","guid":{"rendered":"http:\/\/centraldeportes.com.ar\/?p=16873"},"modified":"2022-05-27T14:59:15","modified_gmt":"2022-05-27T17:59:15","slug":"el-programa-juguemos-en-la-plaza-sigue-recorriendo-la-ciudad","status":"publish","type":"post","link":"https:\/\/cdnoticias.com\/index.php\/2022\/05\/27\/el-programa-juguemos-en-la-plaza-sigue-recorriendo-la-ciudad\/","title":{"rendered":"El Programa \u201cJuguemos en la plaza\u201d sigue recorriendo la ciudad"},"content":{"rendered":"<p>Durante el transcurso del pasado fin de semana se concret\u00f3 la segunda jornada enmarcada en el Programa \u201cJuguemos en la Plaza\u201d, una propuesta gestada desde la Direcci\u00f3n de Deporte Social de la Subsecretar\u00eda de Deportes y Recreaci\u00f3n Municipal.<!--more--><\/p>\n<hr \/>\n<p>&nbsp;<\/p>\n<p>En esta ocasi\u00f3n la actividad se llev\u00f3 a cabo en el Parque Helios Eseverri, sitio en el que profesores del staff municipal ofrecieron distintos juegos y propuestas recreativas para ni\u00f1os y ni\u00f1as.<\/p>\n<p>&nbsp;<\/p>\n<p>Se recuerda que la propuesta surgi\u00f3 a partir de un estudio acerca de la importancia de la sociabilizaci\u00f3n de los m\u00e1s chicos luego de la pandemia, con el objetivo de que los ni\u00f1os, ni\u00f1as y la familia toda vuelvan a las plazas de la ciudad.<\/p>\n<p>&nbsp;<\/p>\n<p>El programa cuenta con una frecuencia quincenal y la primera jornada tuvo como sede el barrio Carlos Pellegrini. Durante las pr\u00f3ximas semanas se seguir\u00e1 recorriendo distintos puntos de la ciudad, por lo que se invita a toda la familia a sumarse.<\/p>\n<p>&nbsp;<\/p>\n<p>La pr\u00f3xima actividad se llevar\u00e1 a cabo el 5 de junio en la plaza de los barrios Lourdes y 86 viviendas. Dos semanas despu\u00e9s, el 19 de junio, todo se trasladar\u00e1 a la Plaza Espa\u00f1a. Por \u00faltimo, ya el 3 de julio, la propuesta llegar\u00e1 al barrio Pikelado.<\/p>\n","protected":false},"excerpt":{"rendered":"<p>Durante el transcurso del pasado fin de semana se concret\u00f3 la segunda jornada enmarcada en el Programa \u201cJuguemos en la<\/p>\n","protected":false},"author":96739694,"featured_media":148238,"comment_status":"closed","ping_status":"closed","sticky":false,"template":"","format":"standard","meta":{"_jetpack_memberships_contains_paid_content":false,"footnotes":""},"categories":[30,1],"tags":[],"class_list":["post-148237","post","type-post","status-publish","format-standard","has-post-thumbnail","hentry","category-polideportivo","category-portada"],"jetpack_featured_media_url":"https:\/\/i0.wp.com\/cdnoticias.com\/wp-content\/uploads\/2022\/05\/Deportes-Juguemos-en-la-Plaza-3-1.jpg?fit=1772%2C1181&ssl=1","jetpack_sharing_enabled":true,"_links":{"self":[{"href":"https:\/\/cdnoticias.com\/index.php\/wp-json\/wp\/v2\/posts\/148237","targetHints":{"allow":["GET"]}}],"collection":[{"href":"https:\/\/cdnoticias.com\/index.php\/wp-json\/wp\/v2\/posts"}],"about":[{"href":"https:\/\/cdnoticias.com\/index.php\/wp-json\/wp\/v2\/types\/post"}],"author":[{"embeddable":true,"href":"https:\/\/cdnoticias.com\/index.php\/wp-json\/wp\/v2\/users\/96739694"}],"replies":[{"embeddable":true,"href":"https:\/\/cdnoticias.com\/index.php\/wp-json\/wp\/v2\/comments?post=148237"}],"version-history":[{"count":0,"href":"https:\/\/cdnoticias.com\/index.php\/wp-json\/wp\/v2\/posts\/148237\/revisions"}],"wp:featuredmedia":[{"embeddable":true,"href":"https:\/\/cdnoticias.com\/index.php\/wp-json\/wp\/v2\/media\/148238"}],"wp:attachment":[{"href":"https:\/\/cdnoticias.com\/index.php\/wp-json\/wp\/v2\/media?parent=148237"}],"wp:term":[{"taxonomy":"category","embeddable":true,"href":"https:\/\/cdnoticias.com\/index.php\/wp-json\/wp\/v2\/categories?post=148237"},{"taxonomy":"post_tag","embeddable":true,"href":"https:\/\/cdnoticias.com\/index.php\/wp-json\/wp\/v2\/tags?post=148237"}],"curies":[{"name":"wp","href":"https:\/\/api.w.org\/{rel}","templated":true}]}}