{"id":148235,"date":"2022-05-27T15:00:21","date_gmt":"2022-05-27T18:00:21","guid":{"rendered":"http:\/\/centraldeportes.com.ar\/?p=16876"},"modified":"2022-05-27T15:00:21","modified_gmt":"2022-05-27T18:00:21","slug":"olavarrienses-debutaron-en-los-regionales-federados","status":"publish","type":"post","link":"https:\/\/cdnoticias.com\/index.php\/2022\/05\/27\/olavarrienses-debutaron-en-los-regionales-federados\/","title":{"rendered":"Olavarrienses debutaron en los Regionales Federados"},"content":{"rendered":"<p>En las instalaciones del Club Espa\u00f1ol hubo actividad durante el s\u00e1bado con la disputa del 1\u00b0 Regional Federado para Primera Categor\u00eda. Adem\u00e1s jugaron en Segunda y Tercera con participaci\u00f3n olavarriense.<!--more--><\/p>\n<hr \/>\n<p>Omar Nicol\u00e1s Margonari y Leo Fiscella fueron los anfitriones del certamen donde se consagr\u00f3 campe\u00f3n Alejandro Suriano de Henderson.<\/p>\n<p>&nbsp;<\/p>\n<p>En lo que respecta a la actuaci\u00f3n local, Margonari se ubic\u00f3 en el quinto puesto, cayendo en Cuartos de Final con el campe\u00f3n en un ajustado partido por 2 sets a 1 y Leo Fiscella qued\u00f3 en el 12\u00b0 puesto.<\/p>\n<p>&nbsp;<\/p>\n<p>Por otro lado, los representantes de Segunda categor\u00eda jugaron en Pehuaj\u00f3 y en Bol\u00edvar hubo actividad en Tercera. V\u00edctor Hugo Di Marco qued\u00f3 en el cuarto puesto en Pehuaj\u00f3 \u00a0y Juan Carlos Farana qued\u00f3 en el puesto 11\u00b0 en la vecina localidad.<\/p>\n<p>&nbsp;<\/p>\n<p>La segunda fecha de los regionales se jugar\u00e1 en el mes de Julio y de ah\u00ed saldr\u00e1n los clasificados a los provinciales.<\/p>\n<p>&nbsp;<\/p>\n<p>Adem\u00e1s, el pr\u00f3ximo s\u00e1bado y domingo se llevar\u00e1 a cabo en las instalaciones del Cas\u00edn Club de Mar del Plata un torneo por Handicap individual, ya confirmaron m\u00e1s de 60 jugadores de toda la provincia y por nuestra ciudad participaran Dar\u00edo Rodr\u00edguez, V\u00edctor Hugo Di Marco y Omar Nicol\u00e1s Margonari, mientras que representando a Bol\u00edvar lo har\u00e1 Jorge Cedola.<\/p>\n<p>&nbsp;<\/p>\n","protected":false},"excerpt":{"rendered":"<p>En las instalaciones del Club Espa\u00f1ol hubo actividad durante el s\u00e1bado con la disputa del 1\u00b0 Regional Federado para Primera<\/p>\n","protected":false},"author":96739694,"featured_media":148236,"comment_status":"closed","ping_status":"closed","sticky":false,"template":"","format":"standard","meta":{"_jetpack_memberships_contains_paid_content":false,"footnotes":""},"categories":[30,1],"tags":[],"class_list":["post-148235","post","type-post","status-publish","format-standard","has-post-thumbnail","hentry","category-polideportivo","category-portada"],"jetpack_featured_media_url":"https:\/\/i0.wp.com\/cdnoticias.com\/wp-content\/uploads\/2022\/05\/IMG-20220522-WA0067.jpg?fit=1024%2C768&ssl=1","jetpack_sharing_enabled":true,"_links":{"self":[{"href":"https:\/\/cdnoticias.com\/index.php\/wp-json\/wp\/v2\/posts\/148235","targetHints":{"allow":["GET"]}}],"collection":[{"href":"https:\/\/cdnoticias.com\/index.php\/wp-json\/wp\/v2\/posts"}],"about":[{"href":"https:\/\/cdnoticias.com\/index.php\/wp-json\/wp\/v2\/types\/post"}],"author":[{"embeddable":true,"href":"https:\/\/cdnoticias.com\/index.php\/wp-json\/wp\/v2\/users\/96739694"}],"replies":[{"embeddable":true,"href":"https:\/\/cdnoticias.com\/index.php\/wp-json\/wp\/v2\/comments?post=148235"}],"version-history":[{"count":0,"href":"https:\/\/cdnoticias.com\/index.php\/wp-json\/wp\/v2\/posts\/148235\/revisions"}],"wp:featuredmedia":[{"embeddable":true,"href":"https:\/\/cdnoticias.com\/index.php\/wp-json\/wp\/v2\/media\/148236"}],"wp:attachment":[{"href":"https:\/\/cdnoticias.com\/index.php\/wp-json\/wp\/v2\/media?parent=148235"}],"wp:term":[{"taxonomy":"category","embeddable":true,"href":"https:\/\/cdnoticias.com\/index.php\/wp-json\/wp\/v2\/categories?post=148235"},{"taxonomy":"post_tag","embeddable":true,"href":"https:\/\/cdnoticias.com\/index.php\/wp-json\/wp\/v2\/tags?post=148235"}],"curies":[{"name":"wp","href":"https:\/\/api.w.org\/{rel}","templated":true}]}}