{"id":148204,"date":"2022-05-23T14:18:42","date_gmt":"2022-05-23T17:18:42","guid":{"rendered":"http:\/\/centraldeportes.com.ar\/?p=16688"},"modified":"2022-05-23T14:18:42","modified_gmt":"2022-05-23T17:18:42","slug":"fue-presentado-el-3-torneo-nacional-de-newcom","status":"publish","type":"post","link":"https:\/\/cdnoticias.com\/index.php\/2022\/05\/23\/fue-presentado-el-3-torneo-nacional-de-newcom\/","title":{"rendered":"Fue presentado el 3\u00b0 Torneo Nacional de Newcom"},"content":{"rendered":"<p>En la Casa del Deporte y en la ma\u00f1ana de este lunes se realiz\u00f3 la presentaci\u00f3n del 3\u00b0 Torneo Nacional de Newcom que tendr\u00e1 lugar en la Ciudad durante el fin de semana.<\/p>\n<p><!--more--><\/p>\n<hr \/>\n<p>\u201cEs el torneo de Newcom m\u00e1s importante del pa\u00eds, no solo por la cantidad de deportistas que van a participar, sino por el nivel que va a tener la competencia. Olavarr\u00eda trasciende\u201d. De esa manera Gabriel Rossato, jugador de Newcom y reconocido profesor de educaci\u00f3n de f\u00edsica de nuestra ciudad, sintetiz\u00f3 el certamen que se realizar\u00e1 en nuestra ciudad desde el pr\u00f3ximo viernes, del cual tomar\u00e1n parte m\u00e1s de 60 equipos que llegar\u00e1n de distintos puntos del pa\u00eds y de Uruguay.<\/p>\n<p>&nbsp;<\/p>\n<p>Se trata del 3\u00b0 Torneo Nacional de Newcom, que fue presentando en la ma\u00f1ana de este lunes en la Casa del Deporte, sitio en el que funciona la Subsecretar\u00eda de Deportes y Recreaci\u00f3n de la Municipalidad de Olavarr\u00eda. En ese sentido, el secretario de Desarrollo Humano y Calidad de Vida, Diego Robbiani, no quiso dejar pasar la ocasi\u00f3n para agradecer la disponibilidad de esas instalaciones: \u201cQuiero agradecer a la familia Bouciguez que nos cedi\u00f3 el lugar para que empecemos a trabajar con la Direcci\u00f3n de Deportes, ya vamos a tener el evento de inauguraci\u00f3n a la brevedad, pero bueno, este hermoso espacio que es el lugar del deporte de la ciudad\u201d.<\/p>\n<p>&nbsp;<\/p>\n<p>El funcionario municipal enfatiz\u00f3 que \u201cpara la ciudad es muy importante se haga el torneo, no solamente por el deportista local, que sabemos que cada vez se suma m\u00e1s y que participa de una actividad deportiva tan linda, que es una actividad que le permite a los veteranos deportistas y no deportistas participar activamente de un juego tan lindo y tan importante, y que hace que la ciudad tenga movimiento un gran movimiento durante el fin de semana\u201d. \u201cEsto es muy importante, necesitamos que la ciudad acompa\u00f1e\u201d, concluy\u00f3 el secretario, quien estuvo acompa\u00f1ado por el Subsecretario de Deportes Municipal, Juan Agust\u00edn Galli.<\/p>\n<p>&nbsp;<\/p>\n<p>\u201cSon sue\u00f1os que vamos cumpliendo\u201d, inici\u00f3 su intervenci\u00f3n Gabriel Rossato, jugador de Newcom e hist\u00f3rico protagonista del deporte local. \u201cTodo esto empez\u00f3 muy espacio en el 2016 y hoy nos encuentra, lo digo con mucho orgullo, organizando el torneo de Newcom m\u00e1s importante del pa\u00eds\u201d. En ese sentido detall\u00f3 que de la competencia van a tomar parte 62 equipos, distribuidos en dos categor\u00edas, m\u00e1s de 50 y m\u00e1s de 60 a\u00f1os.<\/p>\n<p>&nbsp;<\/p>\n<p><img data-recalc-dims=\"1\" loading=\"lazy\" decoding=\"async\" class=\"alignnone size-full wp-image-16689\" src=\"https:\/\/i0.wp.com\/centraldeportes.com.ar\/wp-content\/uploads\/2022\/05\/Deportes-Conf.-Prensa-3%C2%B0-Torneo-Nacional-NewCom-2-scaled.jpg?resize=800%2C535\" alt=\"\" width=\"800\" height=\"535\" \/><\/p>\n<p>&nbsp;<\/p>\n<p>Arribar\u00e1n a nuestra ciudad representantes de Santa Cruz, Chubut, R\u00edo Negro, Neuqu\u00e9n, Mendoza, San Luis, Tucum\u00e1n, Chaco, C\u00f3rdoba, Capital Federal, Buenos Aires, a los que se sumar\u00e1n dos equipos provenientes de Pasos de los Toros de la Rep\u00fablica Oriental del Uruguay. Asimismo, se contar\u00e1 con \u00e1rbitros de primer nivel provenientes de Capital Federal, Trelew, San Rafael y Malarg\u00fce (Mendoza), C\u00f3rdoba y Buenos Aires.<\/p>\n<p>&nbsp;<\/p>\n<p>Olavarr\u00eda competir\u00e1 en la categor\u00eda +50 con \u201cLos Lobitos\u201d, que debutar\u00e1 en este tipo de cert\u00e1menes, y en +60 con el tradicional equipo de \u201cLos Lobos\u201d, \u00faltimo campe\u00f3n de la edici\u00f3n 2019. \u00a0Ambos planteles ser\u00e1n dirigidos por la profesora Mar\u00eda Ma\u00edz\u00a0 dependiente de la Direcci\u00f3n de Deportes local y referente del plan de Newcom Municipal.<\/p>\n<p>&nbsp;<\/p>\n<p>\u201cEn la medida que el Estado no cree las condiciones como para que Newcon se desarrolle, es muy dif\u00edcil. El Newcon no se puede desarrollar en cualquier localidad por una cuesti\u00f3n muy simple, no hay dirigentes. El jugador es el dirigente, el jugador es el que crea las condiciones, el jugador es el que necesita jugar, porque nosotros cuando nos ponemos los pantalones cortos volvemos un poco a nuestra etapa nuestra adolescencia, que realmente este la gozamos\u201d, continu\u00f3 Rosatto.<\/p>\n<p>&nbsp;<\/p>\n<p>Por \u00faltimo, para dar dimensi\u00f3n del evento y movimiento que se generar\u00e1 en todo el Partido de Olavarr\u00eda, detall\u00f3 que \u201cest\u00e1n todos los hoteles de Olavarr\u00eda colmados\u201d. Inclusive enumer\u00f3 que lo mismo sucede con domicilios, departamentos y alojamientos de la ciudad, sino tambi\u00e9n con caba\u00f1as y hospedajes de las localidades serranas. \u201cEso da una imagen del movimiento que va a tener\u201d, finaliz\u00f3.<\/p>\n<p>&nbsp;<\/p>\n<p>La actividad dar\u00e1 inicio el pr\u00f3ximo viernes desde las 11 en los gimnasios de Pueblo Nuevo, Racing, Mariano Moreno y el Colegio San Antonio de Padua. La entrada ser\u00e1 libre y gratuita. La instancia definitiva est\u00e1 pautada para realizarse el domingo en las instalaciones de Pueblo Nuevo y Racing desde las 9, con el objetivo de que las finales se lleven a cabo desde las 12, para permitir que las delegaciones puedan emprender temprano el viaje de retorno. Se van a entregar premios hasta la cuarta ubicaci\u00f3n, pero todo los participantes se llevar\u00e1n un recuerdo de la competencia.<\/p>\n<p>&nbsp;<\/p>\n<p>Por \u00faltimo, tom\u00f3 la palabra Jos\u00e9 Maceo, presidente de Pueblo Nuevo, club organizador y anfitri\u00f3n del evento. \u201cMi agradecimiento a todos lo que han trabajado y lo que est\u00e1n trabajando\u201d, subray\u00f3.<\/p>\n","protected":false},"excerpt":{"rendered":"<p>En la Casa del Deporte y en la ma\u00f1ana de este lunes se realiz\u00f3 la presentaci\u00f3n del 3\u00b0 Torneo Nacional<\/p>\n","protected":false},"author":96739694,"featured_media":148205,"comment_status":"closed","ping_status":"closed","sticky":false,"template":"","format":"standard","meta":{"_jetpack_memberships_contains_paid_content":false,"footnotes":""},"categories":[30,1],"tags":[],"class_list":["post-148204","post","type-post","status-publish","format-standard","has-post-thumbnail","hentry","category-polideportivo","category-portada"],"jetpack_featured_media_url":"https:\/\/i0.wp.com\/cdnoticias.com\/wp-content\/uploads\/2022\/05\/Deportes-Conf.-Prensa-3%C2%B0-Torneo-Nacional-NewCom-1-scaled.jpg?fit=2560%2C1711&ssl=1","jetpack_sharing_enabled":true,"_links":{"self":[{"href":"https:\/\/cdnoticias.com\/index.php\/wp-json\/wp\/v2\/posts\/148204","targetHints":{"allow":["GET"]}}],"collection":[{"href":"https:\/\/cdnoticias.com\/index.php\/wp-json\/wp\/v2\/posts"}],"about":[{"href":"https:\/\/cdnoticias.com\/index.php\/wp-json\/wp\/v2\/types\/post"}],"author":[{"embeddable":true,"href":"https:\/\/cdnoticias.com\/index.php\/wp-json\/wp\/v2\/users\/96739694"}],"replies":[{"embeddable":true,"href":"https:\/\/cdnoticias.com\/index.php\/wp-json\/wp\/v2\/comments?post=148204"}],"version-history":[{"count":0,"href":"https:\/\/cdnoticias.com\/index.php\/wp-json\/wp\/v2\/posts\/148204\/revisions"}],"wp:featuredmedia":[{"embeddable":true,"href":"https:\/\/cdnoticias.com\/index.php\/wp-json\/wp\/v2\/media\/148205"}],"wp:attachment":[{"href":"https:\/\/cdnoticias.com\/index.php\/wp-json\/wp\/v2\/media?parent=148204"}],"wp:term":[{"taxonomy":"category","embeddable":true,"href":"https:\/\/cdnoticias.com\/index.php\/wp-json\/wp\/v2\/categories?post=148204"},{"taxonomy":"post_tag","embeddable":true,"href":"https:\/\/cdnoticias.com\/index.php\/wp-json\/wp\/v2\/tags?post=148204"}],"curies":[{"name":"wp","href":"https:\/\/api.w.org\/{rel}","templated":true}]}}