{"id":148143,"date":"2022-05-20T19:20:28","date_gmt":"2022-05-20T22:20:28","guid":{"rendered":"http:\/\/centraldeportes.com.ar\/?p=16522"},"modified":"2022-05-20T19:20:28","modified_gmt":"2022-05-20T22:20:28","slug":"buena-actuacion-de-francisco-correa-iguiniz-en-mar-del-plata","status":"publish","type":"post","link":"https:\/\/cdnoticias.com\/index.php\/2022\/05\/20\/buena-actuacion-de-francisco-correa-iguiniz-en-mar-del-plata\/","title":{"rendered":"Buena actuaci\u00f3n de Francisco Correa Igui\u00f1iz en Mar del Plata"},"content":{"rendered":"<p>El jugador de Estudiantes, Francisco Correa Igui\u00f1iz jug\u00f3 este fin de semana un abierto (Ex G3) en el Club Once Unidos.<!--more--><\/p>\n<hr \/>\n<p>El albinegro jug\u00f3 en Sub 14, siendo Sub 12 para ganar experiencia y entrar en ritmo para el Nacional y no defraud\u00f3 en absoluto.<\/p>\n<p>&nbsp;<\/p>\n<p>En Singles cay\u00f3 por 3\/6 y 3\/6 frente a Piqu\u00edn quien es ya jugador consolidado de la categor\u00eda (segundo a\u00f1o) y en el caso de Dobles, lleg\u00f3 a la final junto a su compa\u00f1ero Espinosa y la misma fue suspendida por lluvia.<\/p>\n<p>&nbsp;<\/p>\n<p>Previamente, en cuartos de final, vencieron a Salaverry \u2013 Salaverry por 9-5 y en semifinales le ganaron tambi\u00e9n por 9-5 a la dupla de Gaitero \u2013 Manzo.<\/p>\n","protected":false},"excerpt":{"rendered":"<p>El jugador de Estudiantes, Francisco Correa Igui\u00f1iz jug\u00f3 este fin de semana un abierto (Ex G3) en el Club Once<\/p>\n","protected":false},"author":96739694,"featured_media":148144,"comment_status":"closed","ping_status":"closed","sticky":false,"template":"","format":"standard","meta":{"_jetpack_memberships_contains_paid_content":false,"footnotes":""},"categories":[30,1],"tags":[],"class_list":["post-148143","post","type-post","status-publish","format-standard","has-post-thumbnail","hentry","category-polideportivo","category-portada"],"jetpack_featured_media_url":"https:\/\/i0.wp.com\/cdnoticias.com\/wp-content\/uploads\/2022\/05\/WhatsApp-Image-2022-05-20-at-7.18.31-PM-e1653085192642.jpeg?fit=1200%2C748&ssl=1","jetpack_sharing_enabled":true,"_links":{"self":[{"href":"https:\/\/cdnoticias.com\/index.php\/wp-json\/wp\/v2\/posts\/148143","targetHints":{"allow":["GET"]}}],"collection":[{"href":"https:\/\/cdnoticias.com\/index.php\/wp-json\/wp\/v2\/posts"}],"about":[{"href":"https:\/\/cdnoticias.com\/index.php\/wp-json\/wp\/v2\/types\/post"}],"author":[{"embeddable":true,"href":"https:\/\/cdnoticias.com\/index.php\/wp-json\/wp\/v2\/users\/96739694"}],"replies":[{"embeddable":true,"href":"https:\/\/cdnoticias.com\/index.php\/wp-json\/wp\/v2\/comments?post=148143"}],"version-history":[{"count":0,"href":"https:\/\/cdnoticias.com\/index.php\/wp-json\/wp\/v2\/posts\/148143\/revisions"}],"wp:featuredmedia":[{"embeddable":true,"href":"https:\/\/cdnoticias.com\/index.php\/wp-json\/wp\/v2\/media\/148144"}],"wp:attachment":[{"href":"https:\/\/cdnoticias.com\/index.php\/wp-json\/wp\/v2\/media?parent=148143"}],"wp:term":[{"taxonomy":"category","embeddable":true,"href":"https:\/\/cdnoticias.com\/index.php\/wp-json\/wp\/v2\/categories?post=148143"},{"taxonomy":"post_tag","embeddable":true,"href":"https:\/\/cdnoticias.com\/index.php\/wp-json\/wp\/v2\/tags?post=148143"}],"curies":[{"name":"wp","href":"https:\/\/api.w.org\/{rel}","templated":true}]}}