{"id":148133,"date":"2022-05-21T09:41:02","date_gmt":"2022-05-21T12:41:02","guid":{"rendered":"http:\/\/centraldeportes.com.ar\/?p=16533"},"modified":"2022-05-21T09:41:02","modified_gmt":"2022-05-21T12:41:02","slug":"otro-cambio-y-van-ferro-no-juega-en-25-de-mayo","status":"publish","type":"post","link":"https:\/\/cdnoticias.com\/index.php\/2022\/05\/21\/otro-cambio-y-van-ferro-no-juega-en-25-de-mayo\/","title":{"rendered":"Otro cambio y van\u2026 Ferro no juega en 25 de Mayo"},"content":{"rendered":"<p>Un nuevo cap\u00edtulo tuvo el cruce entre Ferro y Argentino por la segunda llave del Torneo Regional organizado por la Federaci\u00f3n Bonaerense Pampeana de F\u00fatbol ya que finalmente fue suspendido el partido revancha que deb\u00eda disputarse este s\u00e1bado en 25 de Mayo.<!--more--><\/p>\n<hr \/>\n<p>Siguen las repercusiones del cruce entre Ferro y Argentino, ya que finalmente fue suspendido el duelo revancha debido a la apelaci\u00f3n al Consejo Federal de los dirigentes \u201cCarboneros\u201d tras darse a conocer la definici\u00f3n del Tribunal de Disciplina de la Federaci\u00f3n Bonaerense Pampeana.<\/p>\n<p>&nbsp;<\/p>\n<p>La nueva nota que fue emitida en las \u00faltimas horas del viernes sostiene: \u201c<em>La Mesa Directiva de la Federaci\u00f3n de F\u00fatbol Bonaerense Pampeana ha decidido suspender el encuentro entre los clubes Argentino (25 de Mayo) vs. Ferro Carril Sud (Olavarr\u00eda) a disputarse el 21\/05\/2022 en la ciudad de 25 de Mayo, en virtud de la apelaci\u00f3n presentada ante el Consejo Federal, por el club Ferro Carril Sud. Dicho encuentro ser\u00e1 programado dentro de las 24 horas posteriores al fallo emitido por el Consejo Federal<\/em>\u201d.<\/p>\n<p>&nbsp;<\/p>\n<p>A la espera de la resoluci\u00f3n, la llave queda inconclusa y tambi\u00e9n la continuidad del certamen que otorga plazas al Torneo Regional Amateur ya que no pueden conformarse los Cuartos de Final.<\/p>\n","protected":false},"excerpt":{"rendered":"<p>Un nuevo cap\u00edtulo tuvo el cruce entre Ferro y Argentino por la segunda llave del Torneo Regional organizado por la<\/p>\n","protected":false},"author":96739694,"featured_media":148134,"comment_status":"closed","ping_status":"closed","sticky":false,"template":"","format":"standard","meta":{"_jetpack_memberships_contains_paid_content":false,"footnotes":""},"categories":[35,1,54],"tags":[],"class_list":["post-148133","post","type-post","status-publish","format-standard","has-post-thumbnail","hentry","category-futbol","category-portada","category-torneo-regional-amateur"],"jetpack_featured_media_url":"https:\/\/i0.wp.com\/cdnoticias.com\/wp-content\/uploads\/2022\/05\/WhatsApp-Image-2022-05-11-at-10.19.44-PM-1.jpeg?fit=1599%2C1066&ssl=1","jetpack_sharing_enabled":true,"_links":{"self":[{"href":"https:\/\/cdnoticias.com\/index.php\/wp-json\/wp\/v2\/posts\/148133","targetHints":{"allow":["GET"]}}],"collection":[{"href":"https:\/\/cdnoticias.com\/index.php\/wp-json\/wp\/v2\/posts"}],"about":[{"href":"https:\/\/cdnoticias.com\/index.php\/wp-json\/wp\/v2\/types\/post"}],"author":[{"embeddable":true,"href":"https:\/\/cdnoticias.com\/index.php\/wp-json\/wp\/v2\/users\/96739694"}],"replies":[{"embeddable":true,"href":"https:\/\/cdnoticias.com\/index.php\/wp-json\/wp\/v2\/comments?post=148133"}],"version-history":[{"count":0,"href":"https:\/\/cdnoticias.com\/index.php\/wp-json\/wp\/v2\/posts\/148133\/revisions"}],"wp:featuredmedia":[{"embeddable":true,"href":"https:\/\/cdnoticias.com\/index.php\/wp-json\/wp\/v2\/media\/148134"}],"wp:attachment":[{"href":"https:\/\/cdnoticias.com\/index.php\/wp-json\/wp\/v2\/media?parent=148133"}],"wp:term":[{"taxonomy":"category","embeddable":true,"href":"https:\/\/cdnoticias.com\/index.php\/wp-json\/wp\/v2\/categories?post=148133"},{"taxonomy":"post_tag","embeddable":true,"href":"https:\/\/cdnoticias.com\/index.php\/wp-json\/wp\/v2\/tags?post=148133"}],"curies":[{"name":"wp","href":"https:\/\/api.w.org\/{rel}","templated":true}]}}