{"id":148131,"date":"2022-05-21T12:45:20","date_gmt":"2022-05-21T15:45:20","guid":{"rendered":"http:\/\/centraldeportes.com.ar\/?p=16556"},"modified":"2022-05-21T12:45:20","modified_gmt":"2022-05-21T15:45:20","slug":"agustin-vernice-fue-septimo-lugar-en-la-copa-del-mundo","status":"publish","type":"post","link":"https:\/\/cdnoticias.com\/index.php\/2022\/05\/21\/agustin-vernice-fue-septimo-lugar-en-la-copa-del-mundo\/","title":{"rendered":"Agust\u00edn Vernice fue s\u00e9ptimo en la Copa del Mundo"},"content":{"rendered":"<p>En Rep\u00fablica Checa y en la primera hora de este s\u00e1bado, Agust\u00edn Vernice compiti\u00f3 en la Final A de la Copa del Mundo y finaliz\u00f3 s\u00e9ptimo.<!--more--><\/p>\n<hr \/>\n<p>Con una excelente carrera donde estuvo detr\u00e1s de los dos primeros durante los primeros 700 metros, en el \u00faltimo tramo todos quisieron descontar segundos. En un cierre muy parejo, lleg\u00f3 en la s\u00e9ptima posici\u00f3n, con un tiempo de 3:28.81, a +4.37 del primero, el portugu\u00e9s Fernando Pimenta.<\/p>\n<p>&nbsp;<\/p>\n<p>&nbsp;<\/p>\n<p>Ahora Agust\u00edn se prepara para el nuevo desaf\u00edo de cara a la clasificaci\u00f3n para los Juegos Ol\u00edmpicos de Francia 2024: La Copa Mundial S\u00e9nior de Canoa Sprint que se realizar\u00e1 en Poznan, Polonia, entre el 26 y el 29 de mayo.<\/p>\n","protected":false},"excerpt":{"rendered":"<p>En Rep\u00fablica Checa y en la primera hora de este s\u00e1bado, Agust\u00edn Vernice compiti\u00f3 en la Final A de la<\/p>\n","protected":false},"author":96739694,"featured_media":148132,"comment_status":"closed","ping_status":"closed","sticky":false,"template":"","format":"standard","meta":{"_jetpack_memberships_contains_paid_content":false,"footnotes":""},"categories":[30,1],"tags":[],"class_list":["post-148131","post","type-post","status-publish","format-standard","has-post-thumbnail","hentry","category-polideportivo","category-portada"],"jetpack_featured_media_url":"https:\/\/i0.wp.com\/cdnoticias.com\/wp-content\/uploads\/2022\/05\/vernice.png?fit=800%2C445&ssl=1","jetpack_sharing_enabled":true,"_links":{"self":[{"href":"https:\/\/cdnoticias.com\/index.php\/wp-json\/wp\/v2\/posts\/148131","targetHints":{"allow":["GET"]}}],"collection":[{"href":"https:\/\/cdnoticias.com\/index.php\/wp-json\/wp\/v2\/posts"}],"about":[{"href":"https:\/\/cdnoticias.com\/index.php\/wp-json\/wp\/v2\/types\/post"}],"author":[{"embeddable":true,"href":"https:\/\/cdnoticias.com\/index.php\/wp-json\/wp\/v2\/users\/96739694"}],"replies":[{"embeddable":true,"href":"https:\/\/cdnoticias.com\/index.php\/wp-json\/wp\/v2\/comments?post=148131"}],"version-history":[{"count":0,"href":"https:\/\/cdnoticias.com\/index.php\/wp-json\/wp\/v2\/posts\/148131\/revisions"}],"wp:featuredmedia":[{"embeddable":true,"href":"https:\/\/cdnoticias.com\/index.php\/wp-json\/wp\/v2\/media\/148132"}],"wp:attachment":[{"href":"https:\/\/cdnoticias.com\/index.php\/wp-json\/wp\/v2\/media?parent=148131"}],"wp:term":[{"taxonomy":"category","embeddable":true,"href":"https:\/\/cdnoticias.com\/index.php\/wp-json\/wp\/v2\/categories?post=148131"},{"taxonomy":"post_tag","embeddable":true,"href":"https:\/\/cdnoticias.com\/index.php\/wp-json\/wp\/v2\/tags?post=148131"}],"curies":[{"name":"wp","href":"https:\/\/api.w.org\/{rel}","templated":true}]}}