{"id":148116,"date":"2022-05-21T21:06:48","date_gmt":"2022-05-22T00:06:48","guid":{"rendered":"http:\/\/centraldeportes.com.ar\/?p=16574"},"modified":"2022-05-21T21:06:48","modified_gmt":"2022-05-22T00:06:48","slug":"tercer-festejo-consecutivo-para-racing-en-la-liga-junior","status":"publish","type":"post","link":"https:\/\/cdnoticias.com\/index.php\/2022\/05\/21\/tercer-festejo-consecutivo-para-racing-en-la-liga-junior\/","title":{"rendered":"Tercer festejo consecutivo para Racing en la Liga Junior"},"content":{"rendered":"<p>Este s\u00e1bado en el Parque Olavarr\u00eda, Racing recibi\u00f3 a Independiente por la tercera fecha de la Liga Junior y fue victoria para los olavarrienses por 78 a 46.<!--more--><\/p>\n<hr \/>\n<p>En la tercera presentaci\u00f3n de la Zona 1 de la competencia organizada por la Federaci\u00f3n de B\u00e1squet de Provincia de Buenos Aires, y ante su gente, el \u201cChaira\u201d fue dominador de principio a fin en el electr\u00f3nico para asegurarse una nueva conquista.<\/p>\n<p>&nbsp;<\/p>\n<p>[soliloquy slug=&#8221;junior&#8221;]<\/p>\n<p>&nbsp;<\/p>\n<p>Empez\u00f3 dominando el \u201cChaira\u201d en los primeros 10 minutos, pero en el segundo parcial los de Tandil se acercaron peligrosamente de cara al descanso largo, pero en el tercer cuarto los \u201cRojos\u201d estuvieron m\u00e1s de 6 minutos sin convertir y eso lo aprovecharon los locales para pasar a controlar las acciones sin complicaciones.<\/p>\n<p>&nbsp;<\/p>\n<p>Ya en los \u00faltimos 10 minutos y con todo controlado, hubo rotaci\u00f3n para que todos sumen minutos y sean part\u00edcipes de la tercera conquista en la Liga Junior.<\/p>\n<p>&nbsp;<\/p>\n<p>S\u00edntesis Racing \u2013 Independiente:<\/p>\n<p>Estadio: Parque Olavarr\u00eda<\/p>\n<p>\u00c1rbitros: Chantiri, A. y Serantes, S.<\/p>\n<p><strong>Racing (78): Fornes (22), Dupin (4), Leal (11), V\u00e1zquez (15), Aman (9) -FI- Castellanos (3), Silveri (3), Navarro (2), Cuadrillero (0), Baffo (2), Alberca (5), Luj\u00e1n (2). DT- Alex Far\u00edas<\/strong><\/p>\n<p><strong>Independiente (46): Cobo (6), Hern\u00e1ndez, M. (0), Puente (16), Conforti (7), Barletta, I. (1) -FI- Vaticano (0), Barletta, V. (6), \u00a0Hern\u00e1ndez, F. (0), Storni\u00a0 (4), Di Marco (1), Gallo (5). DT- Nicol\u00e1s Rusconi<\/strong><\/p>\n<p>Parciales: 17 \u2013 13; 31 \u2013 25 \u2013 56 \u2013 30 y 78 \u2013 46.<\/p>\n","protected":false},"excerpt":{"rendered":"<p>Este s\u00e1bado en el Parque Olavarr\u00eda, Racing recibi\u00f3 a Independiente por la tercera fecha de la Liga Junior y fue<\/p>\n","protected":false},"author":96739694,"featured_media":148117,"comment_status":"closed","ping_status":"closed","sticky":false,"template":"","format":"standard","meta":{"_jetpack_memberships_contains_paid_content":false,"footnotes":""},"categories":[31,63,1],"tags":[],"class_list":["post-148116","post","type-post","status-publish","format-standard","has-post-thumbnail","hentry","category-basquet","category-liga-junior","category-portada"],"jetpack_featured_media_url":"https:\/\/i0.wp.com\/cdnoticias.com\/wp-content\/uploads\/2022\/05\/junior.jpg?fit=1280%2C853&ssl=1","jetpack_sharing_enabled":true,"_links":{"self":[{"href":"https:\/\/cdnoticias.com\/index.php\/wp-json\/wp\/v2\/posts\/148116","targetHints":{"allow":["GET"]}}],"collection":[{"href":"https:\/\/cdnoticias.com\/index.php\/wp-json\/wp\/v2\/posts"}],"about":[{"href":"https:\/\/cdnoticias.com\/index.php\/wp-json\/wp\/v2\/types\/post"}],"author":[{"embeddable":true,"href":"https:\/\/cdnoticias.com\/index.php\/wp-json\/wp\/v2\/users\/96739694"}],"replies":[{"embeddable":true,"href":"https:\/\/cdnoticias.com\/index.php\/wp-json\/wp\/v2\/comments?post=148116"}],"version-history":[{"count":0,"href":"https:\/\/cdnoticias.com\/index.php\/wp-json\/wp\/v2\/posts\/148116\/revisions"}],"wp:featuredmedia":[{"embeddable":true,"href":"https:\/\/cdnoticias.com\/index.php\/wp-json\/wp\/v2\/media\/148117"}],"wp:attachment":[{"href":"https:\/\/cdnoticias.com\/index.php\/wp-json\/wp\/v2\/media?parent=148116"}],"wp:term":[{"taxonomy":"category","embeddable":true,"href":"https:\/\/cdnoticias.com\/index.php\/wp-json\/wp\/v2\/categories?post=148116"},{"taxonomy":"post_tag","embeddable":true,"href":"https:\/\/cdnoticias.com\/index.php\/wp-json\/wp\/v2\/tags?post=148116"}],"curies":[{"name":"wp","href":"https:\/\/api.w.org\/{rel}","templated":true}]}}