{"id":148099,"date":"2022-05-17T15:10:23","date_gmt":"2022-05-17T18:10:23","guid":{"rendered":"http:\/\/centraldeportes.com.ar\/?p=16391"},"modified":"2022-05-17T15:10:23","modified_gmt":"2022-05-17T18:10:23","slug":"nuestra-intencion-es-recuperar-la-asociacion","status":"publish","type":"post","link":"https:\/\/cdnoticias.com\/index.php\/2022\/05\/17\/nuestra-intencion-es-recuperar-la-asociacion\/","title":{"rendered":"\u201cNuestra intenci\u00f3n es recuperar la Asociaci\u00f3n\u201d"},"content":{"rendered":"<p>As\u00ed lo se\u00f1al\u00f3 el actual presidente de la Acop, Ezequiel Bruni. \u201cYo creo que alguna vez nos iba tocar pasar por la Asociaci\u00f3n, para tratar de mejorarla y de transformarla y este es nuestro momento\u201c expres\u00f3.<\/p>\n<p><!--more--><\/p>\n<hr \/>\n<p>El p\u00e1del atraviesa un gran momento desde lo deportivo en la ciudad de Olavarr\u00eda. Los torneos cuentan con un gran n\u00famero de parejas durante los fines de semanas y los complejos est\u00e1n con \u201cturnos completos\u201d.<\/p>\n<p>&nbsp;<\/p>\n<p>Pero desde lo institucional la Asociaci\u00f3n no mostraba el mismo presente, muchos \u201ccancheros\u201d en disconformidad con la conducci\u00f3n se alejaron de ente que los nuclea.<\/p>\n<p>&nbsp;<\/p>\n<p>Cuando lleg\u00f3 el momento de las elecciones no hab\u00eda ninguna lista que quisiera tomar el mando y muchas miradas recayeron en ese grupo que hab\u00eda conformado la APO y que tenia mucha experiencia desde lo privado. Y as\u00ed fue que el grupo liderado por Ezequiel Bruni decidi\u00f3 tomar la posta y conducir los destinos del p\u00e1del en Olavarr\u00eda.<\/p>\n<p>&nbsp;<\/p>\n<p>Precisamente el propio presidente habl\u00f3 al respecto de esta situaci\u00f3n: \u201cLa decisi\u00f3n de hacernos cargo de la Asociaci\u00f3n vino por decantaci\u00f3n vimos que no se estaba presentando nadie en la lista de renovaci\u00f3n y nosotros ya venimos trabajando con un circuito privado, contamos el apoyo de los jugadores y decidimos apostar y hacer algo m\u00e1s institucional por el jugador y poder recuperar la instituci\u00f3n\u201d. Luego agreg\u00f3: \u201cYo creo que alguna vez nos iba tocar pasar por la Asociaci\u00f3n para tratar de mejorarla y de transformarla y bueno, este es nuestro momento.<\/p>\n<p>&nbsp;<\/p>\n<p>Al momento de hablar del objetivo trazado por el grupo de trabajo remarc\u00f3: \u201cLo primordial es recuperarla tanto econ\u00f3micamente como contablemente porque la encontramos mal jur\u00eddicamente con muchos problemas, hoy ya tenemos todo encaminado gracias a Dios. Tambi\u00e9n queremos recuperar las bases fundamentales del deporte como por ejemplo tener una escuelita de chicos que sea muy accesible, que por surte ya est\u00e1 funcionando\u201d. Otro paso que pudimos dar en el tiempo que llevamos al frente es el de acompa\u00f1ar a los jugadores que salen a competir afuera como es el caso de los menores que est\u00e1n jugando los selectivos\u201d.<\/p>\n<p>&nbsp;<\/p>\n<p>Meti\u00e9ndonos en el presente de la entidad remarc\u00f3: \u201cPresentamos el \u00faltimo balance que se adeudaba y poder recuperar la personer\u00eda jur\u00eddica y ya iniciamos un proceso de condonaci\u00f3n, en cuanto a lo deportivo agregamos al calendario dos provinciales a nivel veteranos y libres uno a nivel menores y un Nacional de Menores confirmado, un hecho hist\u00f3rico e in\u00e9dito para la ciudad, lo cual nos pone orgullosos, pero a su vez nos presenta un gran desaf\u00edo.<\/p>\n","protected":false},"excerpt":{"rendered":"<p>As\u00ed lo se\u00f1al\u00f3 el actual presidente de la Acop, Ezequiel Bruni. \u201cYo creo que alguna vez nos iba tocar pasar<\/p>\n","protected":false},"author":96739694,"featured_media":148100,"comment_status":"closed","ping_status":"closed","sticky":false,"template":"","format":"standard","meta":{"_jetpack_memberships_contains_paid_content":false,"footnotes":""},"categories":[30,1],"tags":[],"class_list":["post-148099","post","type-post","status-publish","format-standard","has-post-thumbnail","hentry","category-polideportivo","category-portada"],"jetpack_featured_media_url":"https:\/\/i0.wp.com\/cdnoticias.com\/wp-content\/uploads\/2022\/05\/acop.jpeg?fit=1600%2C900&ssl=1","jetpack_sharing_enabled":true,"_links":{"self":[{"href":"https:\/\/cdnoticias.com\/index.php\/wp-json\/wp\/v2\/posts\/148099","targetHints":{"allow":["GET"]}}],"collection":[{"href":"https:\/\/cdnoticias.com\/index.php\/wp-json\/wp\/v2\/posts"}],"about":[{"href":"https:\/\/cdnoticias.com\/index.php\/wp-json\/wp\/v2\/types\/post"}],"author":[{"embeddable":true,"href":"https:\/\/cdnoticias.com\/index.php\/wp-json\/wp\/v2\/users\/96739694"}],"replies":[{"embeddable":true,"href":"https:\/\/cdnoticias.com\/index.php\/wp-json\/wp\/v2\/comments?post=148099"}],"version-history":[{"count":0,"href":"https:\/\/cdnoticias.com\/index.php\/wp-json\/wp\/v2\/posts\/148099\/revisions"}],"wp:featuredmedia":[{"embeddable":true,"href":"https:\/\/cdnoticias.com\/index.php\/wp-json\/wp\/v2\/media\/148100"}],"wp:attachment":[{"href":"https:\/\/cdnoticias.com\/index.php\/wp-json\/wp\/v2\/media?parent=148099"}],"wp:term":[{"taxonomy":"category","embeddable":true,"href":"https:\/\/cdnoticias.com\/index.php\/wp-json\/wp\/v2\/categories?post=148099"},{"taxonomy":"post_tag","embeddable":true,"href":"https:\/\/cdnoticias.com\/index.php\/wp-json\/wp\/v2\/tags?post=148099"}],"curies":[{"name":"wp","href":"https:\/\/api.w.org\/{rel}","templated":true}]}}