{"id":148090,"date":"2022-05-17T18:43:50","date_gmt":"2022-05-17T21:43:50","guid":{"rendered":"http:\/\/centraldeportes.com.ar\/?p=16402"},"modified":"2022-05-17T18:43:50","modified_gmt":"2022-05-17T21:43:50","slug":"cristian-colli-no-hay-nada-para-reprocharse-dimos-buena-cara-y-peleamos-hasta-el-final","status":"publish","type":"post","link":"https:\/\/cdnoticias.com\/index.php\/2022\/05\/17\/cristian-colli-no-hay-nada-para-reprocharse-dimos-buena-cara-y-peleamos-hasta-el-final\/","title":{"rendered":"Cristian Colli: \u201cNo hay nada para reprocharse, dimos buena cara y peleamos hasta el final\u201d"},"content":{"rendered":"<p>Recalc\u00f3 el entrenador de Estudiantes despu\u00e9s de la derrota ante Deportivo Viedma el pasado lunes, que signific\u00f3 el cierre de temporada para el conjunto \u201cbataraz\u201d.<!--more--><\/p>\n<hr \/>\n<p>A <strong>Estudiantes se le escap\u00f3 el partido en la \u00faltima bola y cay\u00f3 82 a 80 ante Deportivo Viedma en el Maxigimnasio<\/strong> por el cuarto juego de la serie, <strong>lo que result\u00f3 en la definici\u00f3n de la serie 3 \u2013 1 a favor del elenco de R\u00edo Negro<\/strong>. Luego de lo sucedido, tom\u00f3 la palabra <strong>Cristian Colli<\/strong> que habl\u00f3 de muchas aristas con la prensa.<\/p>\n<p>&nbsp;<\/p>\n<p>\u201c<em><strong>No hay nada que reprocharse<\/strong>, <strong>salimos a pelearlo como todos los partidos<\/strong>. No hicimos pie en los primeros dos juegos en Viedma, por ah\u00ed las lesiones nos jugaron una mala pasada en este tramo de la temporada, sobre todo con Jeffrey que es un jugador vital para nosotros\u201d<\/em>, comenz\u00f3 explicando el DT de Estudiantes.<\/p>\n<p>&nbsp;<\/p>\n<p>\u201c<em><strong>Por c\u00f3mo se dio el partido pudo haber sido para cualquiera<\/strong>, nos cost\u00f3 destrabar un poco la zona a diferencia del partido anterior pero cuando los internos nuestros empezaron a hacer da\u00f1o, se nos abri\u00f3 el aro y lo hicimos m\u00e1s parejo\u201d<\/em>, analiz\u00f3 Colli con respecto al cuarto punto de la serie y m\u00e1s tarde agreg\u00f3: <em>\u201c<strong>No es nada agradable perder en la \u00faltima bola, pero te deja la sensaci\u00f3n de que lo dimos todo y sin duda dimos buena cara y lo peleamos hasta el final<\/strong>\u201d<\/em>, enfatiz\u00f3.<\/p>\n<p>&nbsp;<\/p>\n<p>Por su parte haciendo foco en el rival que les toc\u00f3 enfrentar en las semifinales de la Conferencia Sur, el cordob\u00e9s coment\u00f3: <em>\u201c<strong>Deportivo Viedma fue un digno rival y nosotros creo que fuimos un digno rival para ellos<\/strong>. Lamentablemente no nos agarraron en nuestro mejor momento, ni basquetbol\u00edstico ni f\u00edsico producto de las lesiones\u201d.<\/em><\/p>\n<p>&nbsp;<\/p>\n<figure id=\"attachment_6615\" aria-describedby=\"caption-attachment-6615\" style=\"width: 1280px\" class=\"wp-caption aligncenter\"><img data-recalc-dims=\"1\" loading=\"lazy\" decoding=\"async\" class=\"wp-image-6615 size-full\" src=\"https:\/\/i0.wp.com\/centraldeportes.com.ar\/wp-content\/uploads\/2021\/10\/colli-2.png?resize=800%2C533\" alt=\"\" width=\"800\" height=\"533\" \/><figcaption id=\"caption-attachment-6615\" class=\"wp-caption-text\">Cristian Colli junto a su asistente Manuel Gonz\u00e1lez<\/figcaption><\/figure>\n<p>&nbsp;<\/p>\n<p>Llevando el eje a las lesiones, hay que mencionar que Estudiantes cont\u00f3 con la ausencia de Jeffrey Merchant en los dos primeros juegos en Viedma, aunque tuvo algunos minutos en los partidos que se desarrollaron en el \u201cMaxi\u201d: <em>\u201c<strong>Lo de Jeffrey es para sacarse el sombrero<\/strong>. La verdad que lo miraba y no lo pod\u00eda creer, nunca vi a alguien que est\u00e9 desgarrado en la planta del pie y quiera seguir jugando\u201d<\/em>, cont\u00f3.<\/p>\n<p>&nbsp;<\/p>\n<p>Con respecto a su continuidad en el plantel afirm\u00f3: <em>\u201c<strong>Tengo una excelente relaci\u00f3n con los dirigentes<\/strong>. Primero analizar\u00e1n que tipo de proyecto quieren armar y obviamente estoy abierto a escuchar cualquier tipo de propuesta\u201d<\/em>, relat\u00f3 en un primer momento el entrenador \u00a0\u201cbataraz\u201d y m\u00e1s tarde agreg\u00f3: <em>\u201c<strong>Siempre voy a estar dispuesto a escuchar a Estudiantes porque me recibieron con los brazos abiertos y me sent\u00ed excelente trabajando ac\u00e1<\/strong>\u201d.<\/em><\/p>\n<p>&nbsp;<\/p>\n<blockquote><p><em>\u201c<strong>A mis jugadores les dije que se vayan con la cabeza en alto y que estaba agradecido con todos<\/strong>. <strong>A nivel emocional fue un a\u00f1o duro para m\u00ed porque fue el primer a\u00f1o que me alej\u00e9 de mi familia y me fui a trabajar a otro lado<\/strong>, y gracias a ellos logr\u00e9 dirigir toda la temporada y llegar a estas instancias\u201d, <\/em>continu\u00f3 explay\u00e1ndose el t\u00e9cnico.<\/p><\/blockquote>\n<p>&nbsp;<\/p>\n<p>\u201c<em><strong>Ojal\u00e1 se apueste por la continuidad del plantel, los que se puedan retener y los que no, cubrirlos con jugadores que den lo mismo o m\u00e1s<\/strong>\u201d<\/em>, sostuvo Colli finalizando la nota y cerr\u00f3: &#8220;<em><strong>Independientemente de si renueve o no, los dirigentes saben que armaron un buen camino este a\u00f1o y no habr\u00eda que abandonarlo<\/strong>\u201d.<\/em><\/p>\n","protected":false},"excerpt":{"rendered":"<p>Recalc\u00f3 el entrenador de Estudiantes despu\u00e9s de la derrota ante Deportivo Viedma el pasado lunes, que signific\u00f3 el cierre de<\/p>\n","protected":false},"author":96739694,"featured_media":148091,"comment_status":"closed","ping_status":"closed","sticky":false,"template":"","format":"standard","meta":{"_jetpack_memberships_contains_paid_content":false,"footnotes":""},"categories":[31,32,1],"tags":[],"class_list":["post-148090","post","type-post","status-publish","format-standard","has-post-thumbnail","hentry","category-basquet","category-liga-argentina","category-portada"],"jetpack_featured_media_url":"https:\/\/i0.wp.com\/cdnoticias.com\/wp-content\/uploads\/2022\/04\/cae-concordia-2_12.jpg?fit=1280%2C853&ssl=1","jetpack_sharing_enabled":true,"_links":{"self":[{"href":"https:\/\/cdnoticias.com\/index.php\/wp-json\/wp\/v2\/posts\/148090","targetHints":{"allow":["GET"]}}],"collection":[{"href":"https:\/\/cdnoticias.com\/index.php\/wp-json\/wp\/v2\/posts"}],"about":[{"href":"https:\/\/cdnoticias.com\/index.php\/wp-json\/wp\/v2\/types\/post"}],"author":[{"embeddable":true,"href":"https:\/\/cdnoticias.com\/index.php\/wp-json\/wp\/v2\/users\/96739694"}],"replies":[{"embeddable":true,"href":"https:\/\/cdnoticias.com\/index.php\/wp-json\/wp\/v2\/comments?post=148090"}],"version-history":[{"count":0,"href":"https:\/\/cdnoticias.com\/index.php\/wp-json\/wp\/v2\/posts\/148090\/revisions"}],"wp:featuredmedia":[{"embeddable":true,"href":"https:\/\/cdnoticias.com\/index.php\/wp-json\/wp\/v2\/media\/148091"}],"wp:attachment":[{"href":"https:\/\/cdnoticias.com\/index.php\/wp-json\/wp\/v2\/media?parent=148090"}],"wp:term":[{"taxonomy":"category","embeddable":true,"href":"https:\/\/cdnoticias.com\/index.php\/wp-json\/wp\/v2\/categories?post=148090"},{"taxonomy":"post_tag","embeddable":true,"href":"https:\/\/cdnoticias.com\/index.php\/wp-json\/wp\/v2\/tags?post=148090"}],"curies":[{"name":"wp","href":"https:\/\/api.w.org\/{rel}","templated":true}]}}