{"id":148078,"date":"2022-05-18T15:23:19","date_gmt":"2022-05-18T18:23:19","guid":{"rendered":"http:\/\/centraldeportes.com.ar\/?p=16449"},"modified":"2022-05-18T15:23:19","modified_gmt":"2022-05-18T18:23:19","slug":"juan-cruz-ramayo-racing-hizo-una-gran-liga-federal","status":"publish","type":"post","link":"https:\/\/cdnoticias.com\/index.php\/2022\/05\/18\/juan-cruz-ramayo-racing-hizo-una-gran-liga-federal\/","title":{"rendered":"Juan Cruz Ramayo: \u201cRacing hizo una gran Liga Federal\u201d"},"content":{"rendered":"<p>As\u00ed lo se\u00f1al\u00f3 el juvenil lamatritense luego de la derrota ante River Plate por los playoffs de Liga Federal de B\u00e1squetbol, que signific\u00f3 el fin de la temporada para Racing.<!--more--><\/p>\n<hr \/>\n<p>Ante un colmado Parque Olavarr\u00eda, el \u201cchaira\u201d no pudo estirar la serie de playoffs el pasado s\u00e1bado y <a href=\"http:\/\/centraldeportes.com.ar\/racing-no-pudo-igualar-la-serie-y-quedo-eliminado-ante-river\/\">cay\u00f3 por 91 a 84 ante River Plate<\/a> (2 \u2013 0 global). <strong>Juan Cruz Ramayo, quien volvi\u00f3 a vestir la camiseta de Racing para disputar los encuentros de playoffs, habl\u00f3 con la prensa una vez consumada la derrota<\/strong>.<\/p>\n<p>&nbsp;<\/p>\n<p><em>\u201cRealmente <strong>fueron dos partidos muy parejos en donde entregamos todo<\/strong> y los detalles terminaron haciendo la diferencia\u201d<\/em>, comenz\u00f3 declarando el juvenil y despu\u00e9s agreg\u00f3: \u201c<em>Siempre mantuve el contacto y <strong>estoy muy agradecido a la gente de Racing por darme la oportunidad de haber vuelto para disputar estas instancias<\/strong>\u201d<\/em>, cont\u00f3.<\/p>\n<p>&nbsp;<\/p>\n<p>Por su parte Ramayo, que viene de jugar la Liga Desarrollo con San Lorenzo, prosigui\u00f3 con el an\u00e1lisis del duelo: <em>\u201cRiver manej\u00f3 bien nuestros nervios sabiendo de que ten\u00edan el plus de un partido m\u00e1s y que nosotros est\u00e1bamos obligados a ganar\u201d<\/em>, se\u00f1al\u00f3 el escolta y continu\u00f3: <em>\u201c<strong>Lo peleamos mucho en el poste bajo con una gran labor de Mart\u00edn<\/strong> &#8211; <strong>Delgado<\/strong> &#8211;\u00a0, que es un animal porque lo marcaban entre tres, le jugaron f\u00edsico y a\u00fan as\u00ed segu\u00edamos en partido. <strong>Creo que con un score tan alto tenemos que estar convencidos de que lo peleamos hasta el final<\/strong>\u201d.<\/em><\/p>\n<p>&nbsp;<\/p>\n<p><img data-recalc-dims=\"1\" loading=\"lazy\" decoding=\"async\" class=\"aligncenter size-full wp-image-16189\" src=\"https:\/\/i0.wp.com\/centraldeportes.com.ar\/wp-content\/uploads\/2022\/05\/racing-river.jpg?resize=800%2C533\" alt=\"\" width=\"800\" height=\"533\" \/><\/p>\n<p>&nbsp;<\/p>\n<p><em>\u201cVen\u00eda frustrado por mi rendimiento en el juego 1, sab\u00eda que ten\u00eda que tener m\u00e1s protagonismo por la ausencia de Ariel \u2013 Weisbeck \u2013 y por suerte el equipo me demostr\u00f3 su apoyo\u201d<\/em>, exclam\u00f3 el jugador oriundo de La Madrid que contribuy\u00f3 con 18 puntos y 5 asistencias pese a la derrota.<\/p>\n<p>&nbsp;<\/p>\n<blockquote><p><em>\u201cEl grupo humano que hay ac\u00e1 es incre\u00edble y creo que cuando lo pensemos en fr\u00edo vamos a darnos cuenta del gran Federal que hizo Racing\u201d.<\/em><\/p><\/blockquote>\n<p>&nbsp;<\/p>\n<p>\u201c<em><strong>Lo de la gente es para aplaudir, se enganch\u00f3 con el equipo y apoy\u00f3 en todo momento<\/strong>\u201d<\/em>, afirm\u00f3 respecto a la hinchada \u201cchaira\u201d y m\u00e1s tarde finaliz\u00f3: <em>\u201c<strong>Ojal\u00e1 el b\u00e1squet de Olavarr\u00eda siga as\u00ed<\/strong>, que la gente siga acompa\u00f1ando porque esto es el resultado del trabajo que se viene haciendo desde hace a\u00f1os en el club y hay que destacarlo\u201d.<\/em><\/p>\n","protected":false},"excerpt":{"rendered":"<p>As\u00ed lo se\u00f1al\u00f3 el juvenil lamatritense luego de la derrota ante River Plate por los playoffs de Liga Federal de<\/p>\n","protected":false},"author":96739694,"featured_media":148079,"comment_status":"closed","ping_status":"closed","sticky":false,"template":"","format":"standard","meta":{"_jetpack_memberships_contains_paid_content":false,"footnotes":""},"categories":[31,57],"tags":[],"class_list":["post-148078","post","type-post","status-publish","format-standard","has-post-thumbnail","hentry","category-basquet","category-torneo-federal"],"jetpack_featured_media_url":"https:\/\/i0.wp.com\/cdnoticias.com\/wp-content\/uploads\/2022\/05\/racing-river_7.jpg?fit=1280%2C793&ssl=1","jetpack_sharing_enabled":true,"_links":{"self":[{"href":"https:\/\/cdnoticias.com\/index.php\/wp-json\/wp\/v2\/posts\/148078","targetHints":{"allow":["GET"]}}],"collection":[{"href":"https:\/\/cdnoticias.com\/index.php\/wp-json\/wp\/v2\/posts"}],"about":[{"href":"https:\/\/cdnoticias.com\/index.php\/wp-json\/wp\/v2\/types\/post"}],"author":[{"embeddable":true,"href":"https:\/\/cdnoticias.com\/index.php\/wp-json\/wp\/v2\/users\/96739694"}],"replies":[{"embeddable":true,"href":"https:\/\/cdnoticias.com\/index.php\/wp-json\/wp\/v2\/comments?post=148078"}],"version-history":[{"count":0,"href":"https:\/\/cdnoticias.com\/index.php\/wp-json\/wp\/v2\/posts\/148078\/revisions"}],"wp:featuredmedia":[{"embeddable":true,"href":"https:\/\/cdnoticias.com\/index.php\/wp-json\/wp\/v2\/media\/148079"}],"wp:attachment":[{"href":"https:\/\/cdnoticias.com\/index.php\/wp-json\/wp\/v2\/media?parent=148078"}],"wp:term":[{"taxonomy":"category","embeddable":true,"href":"https:\/\/cdnoticias.com\/index.php\/wp-json\/wp\/v2\/categories?post=148078"},{"taxonomy":"post_tag","embeddable":true,"href":"https:\/\/cdnoticias.com\/index.php\/wp-json\/wp\/v2\/tags?post=148078"}],"curies":[{"name":"wp","href":"https:\/\/api.w.org\/{rel}","templated":true}]}}