{"id":14807,"date":"2021-02-26T17:48:25","date_gmt":"2021-02-26T20:48:25","guid":{"rendered":"http:\/\/www.centraldenoticias.com.ar\/?p=14807"},"modified":"2021-02-26T17:48:55","modified_gmt":"2021-02-26T20:48:55","slug":"angel-bautista-armando-chivo-q-e-p-d","status":"publish","type":"post","link":"https:\/\/cdnoticias.com\/index.php\/2021\/02\/26\/angel-bautista-armando-chivo-q-e-p-d\/","title":{"rendered":"\u00c1ngel Bautista Armando &#8220;Chivo&#8221; (Q.E.P.D.)"},"content":{"rendered":"<p>Falleci\u00f3 en Olavarr\u00eda el d\u00eda 26 de Febrero de 2021 a los 79 a\u00f1os de edad. Su esposa Rita Martha Rivarola, sus hijos Pablo, Gustavo, Diego, Miguel, Sergio y Marcelo, sus hijas pol\u00edticas Guillermina, Morena, Perla y Claudia, sus nietos Gustavo, Johana, Jony, Ezequiel, Natalia, Nerea, Braian y Brisa, sus hermanos, hermanos pol\u00edticos, sobrinos y dem\u00e1s deudos participan de su fallecimiento.<\/p>\n<p>&nbsp;<\/p>\n<p>Sus restos ser\u00e1n velados este s\u00e1bado desde las 7.30 en la sala velatoria ubicada sobre Espa\u00f1a 2942, departamento B, y ser\u00e1n inhumados desde las 9.30 en el cementerio de Hinojo. Servicio adherido a Coopelectric.<\/p>\n<p>&nbsp;<\/p>\n<p>Nacido en San Luis, vecino de Sierra Chica. Jubilado penitenciario.<\/p>\n<p>&nbsp;<\/p>\n<p>&nbsp;<\/p>\n<p>&nbsp;<\/p>\n","protected":false},"excerpt":{"rendered":"<p>Falleci\u00f3 en Olavarr\u00eda el d\u00eda 26 de Febrero de 2021 a los 79 a\u00f1os de edad. Su esposa Rita Martha<\/p>\n","protected":false},"author":3,"featured_media":0,"comment_status":"closed","ping_status":"closed","sticky":false,"template":"","format":"standard","meta":{"_jetpack_memberships_contains_paid_content":false,"footnotes":""},"categories":[10],"tags":[],"class_list":["post-14807","post","type-post","status-publish","format-standard","hentry","category-necrologicas"],"jetpack_featured_media_url":"","jetpack_sharing_enabled":true,"_links":{"self":[{"href":"https:\/\/cdnoticias.com\/index.php\/wp-json\/wp\/v2\/posts\/14807","targetHints":{"allow":["GET"]}}],"collection":[{"href":"https:\/\/cdnoticias.com\/index.php\/wp-json\/wp\/v2\/posts"}],"about":[{"href":"https:\/\/cdnoticias.com\/index.php\/wp-json\/wp\/v2\/types\/post"}],"author":[{"embeddable":true,"href":"https:\/\/cdnoticias.com\/index.php\/wp-json\/wp\/v2\/users\/3"}],"replies":[{"embeddable":true,"href":"https:\/\/cdnoticias.com\/index.php\/wp-json\/wp\/v2\/comments?post=14807"}],"version-history":[{"count":0,"href":"https:\/\/cdnoticias.com\/index.php\/wp-json\/wp\/v2\/posts\/14807\/revisions"}],"wp:attachment":[{"href":"https:\/\/cdnoticias.com\/index.php\/wp-json\/wp\/v2\/media?parent=14807"}],"wp:term":[{"taxonomy":"category","embeddable":true,"href":"https:\/\/cdnoticias.com\/index.php\/wp-json\/wp\/v2\/categories?post=14807"},{"taxonomy":"post_tag","embeddable":true,"href":"https:\/\/cdnoticias.com\/index.php\/wp-json\/wp\/v2\/tags?post=14807"}],"curies":[{"name":"wp","href":"https:\/\/api.w.org\/{rel}","templated":true}]}}