{"id":148045,"date":"2022-05-14T12:29:02","date_gmt":"2022-05-14T15:29:02","guid":{"rendered":"http:\/\/centraldeportes.com.ar\/?p=16146"},"modified":"2022-05-14T12:29:02","modified_gmt":"2022-05-14T15:29:02","slug":"el-1-torneo-de-atletismo-en-la-pista-municipal-tuvo-su-acto-de-apertura","status":"publish","type":"post","link":"https:\/\/cdnoticias.com\/index.php\/2022\/05\/14\/el-1-torneo-de-atletismo-en-la-pista-municipal-tuvo-su-acto-de-apertura\/","title":{"rendered":"El 1\u00b0 torneo de atletismo en la pista municipal tuvo su acto de apertura"},"content":{"rendered":"<p>En horas de la ma\u00f1ana de este s\u00e1bado se realiz\u00f3 la apertura formal del primer torneo de pista y campo en la pista de atletismo municipal Cecilia Marcobechio que cuenta con la presencia de 300 atletas. Ezequiel Galli encabez\u00f3 el acto que adem\u00e1s sirvi\u00f3 para inaugurar la zona de ba\u00f1os, vestuarios y dep\u00f3sitos.<!--more--><\/p>\n<hr \/>\n<p>\u201c<strong><em>Es un hermoso d\u00eda para el primer torneo de atletismo en la Pista Municipal<\/em><\/strong>\u201d, dijo el intendente Ezequiel Galli en la apertura formal del Primer Torneo de Pista y Campo, una modalidad de certamen que volvi\u00f3 a tener sede en nuestra ciudad luego de dos d\u00e9cadas.<\/p>\n<p>&nbsp;<\/p>\n<p>Estuvo acompa\u00f1ado por los secretarios de Gobierno Hilario Galli y de Desarrollo Humano y Calidad de Vida Diego Robbiani; por los subsecretarios de Obras P\u00fablicas Gonzalo Ortiz y de Deportes y Recreaci\u00f3n Juan Agust\u00edn Galli; y los directores de Gesti\u00f3n Deportiva Oscar Gonz\u00e1lez y de Deporte Social Fabricio Carrera.<\/p>\n<p>&nbsp;<\/p>\n\n<p>&nbsp;<\/p>\n<p>El acto comenz\u00f3 con la entonaci\u00f3n de las estrofas del Himno Nacional Argentino. El subsecretario de Deportes y Recreaci\u00f3n Juan Agust\u00edn Galli tom\u00f3 la palabra y agradeci\u00f3 a quienes estuvieron presentes: profesores, atletas, instituciones, deportistas y familias de ciudades de la regi\u00f3n. \u201c<em>Estos chicos necesitan del deporte para seguir creciendo\u201d, dijo y notablemente emocionado dio la bienvenida \u201ca nuestro primer encuentro de atletismo, esperemos que sea el primero de muchos y lo puedan disfrutar como nosotros<\/em>\u201d.<\/p>\n<p>&nbsp;<\/p>\n<p>Tras ello, junto con el intendente Ezequiel Galli realizaron un reconocimiento para dos referentes del atletismo local como Sergio Merlos y Jorge \u201cBoby\u201d Bellinzoni. Este \u00faltimo, agradeci\u00f3 \u201c<em>todo esto. Como lo dije cuando inauguramos hace un a\u00f1o. Ezequiel me cruz\u00f3 en la calle y me dijo que \u00edbamos a tener una pista. Cost\u00f3 creerle, pero apostamos y gracias a eso hoy podemos tener una pista y nuestro primer torneo, que para nosotros es una alegr\u00eda enorme. Los que estamos d\u00eda a d\u00eda en una pista valoramos esto<\/em>\u201d.<\/p>\n<p>&nbsp;<\/p>\n\n<p>&nbsp;<\/p>\n<p>Seguidamente, el Intendente Ezequiel Galli reconoci\u00f3 \u201c<em>este era el sue\u00f1o de mucha gente. Pudimos trabajar para recuperar el lugar que Olavarr\u00eda se merece. Despu\u00e9s de 50 a\u00f1os vamos a tener una casa para el Instituto de Educaci\u00f3n F\u00edsica<\/em>\u201d.<\/p>\n<p>&nbsp;<\/p>\n<p>\u201c<em>Hoy es un d\u00eda de deporte, de salud, de familia, para los m\u00e1s de 250 atletas que hoy est\u00e1n presentes y gracias a todos ustedes por compartirlo con nosotros justo en este D\u00eda Mundial del Atletismo<\/em>\u201d, agreg\u00f3.<\/p>\n<p>&nbsp;<\/p>\n<p>Por \u00faltimo sostuvo que \u201cesta es la primera etapa de algo que va a seguir creciendo. Cuando vinimos a este lugar empezamos a so\u00f1ar con esta pista y el futuro Complejo Deportivo Municipal\u201d.<\/p>\n<p>&nbsp;<\/p>\n<p>Tras su palabra, Galli fue el encargado de dar inicio a la actividad en pista, con la categor\u00eda Sub6. Luego recorri\u00f3 las nuevas instalaciones del espacio, como ba\u00f1os, dep\u00f3sito y gradas.<\/p>\n","protected":false},"excerpt":{"rendered":"<p>En horas de la ma\u00f1ana de este s\u00e1bado se realiz\u00f3 la apertura formal del primer torneo de pista y campo<\/p>\n","protected":false},"author":96739694,"featured_media":148046,"comment_status":"closed","ping_status":"closed","sticky":false,"template":"","format":"standard","meta":{"_jetpack_memberships_contains_paid_content":false,"footnotes":""},"categories":[38,1],"tags":[],"class_list":["post-148045","post","type-post","status-publish","format-standard","has-post-thumbnail","hentry","category-pedestrismo","category-portada"],"jetpack_featured_media_url":"https:\/\/i0.wp.com\/cdnoticias.com\/wp-content\/uploads\/2022\/05\/Deportes-Inauguracion-y-Torneo-Pista-4-scaled.jpg?fit=2560%2C1711&ssl=1","jetpack_sharing_enabled":true,"_links":{"self":[{"href":"https:\/\/cdnoticias.com\/index.php\/wp-json\/wp\/v2\/posts\/148045","targetHints":{"allow":["GET"]}}],"collection":[{"href":"https:\/\/cdnoticias.com\/index.php\/wp-json\/wp\/v2\/posts"}],"about":[{"href":"https:\/\/cdnoticias.com\/index.php\/wp-json\/wp\/v2\/types\/post"}],"author":[{"embeddable":true,"href":"https:\/\/cdnoticias.com\/index.php\/wp-json\/wp\/v2\/users\/96739694"}],"replies":[{"embeddable":true,"href":"https:\/\/cdnoticias.com\/index.php\/wp-json\/wp\/v2\/comments?post=148045"}],"version-history":[{"count":0,"href":"https:\/\/cdnoticias.com\/index.php\/wp-json\/wp\/v2\/posts\/148045\/revisions"}],"wp:featuredmedia":[{"embeddable":true,"href":"https:\/\/cdnoticias.com\/index.php\/wp-json\/wp\/v2\/media\/148046"}],"wp:attachment":[{"href":"https:\/\/cdnoticias.com\/index.php\/wp-json\/wp\/v2\/media?parent=148045"}],"wp:term":[{"taxonomy":"category","embeddable":true,"href":"https:\/\/cdnoticias.com\/index.php\/wp-json\/wp\/v2\/categories?post=148045"},{"taxonomy":"post_tag","embeddable":true,"href":"https:\/\/cdnoticias.com\/index.php\/wp-json\/wp\/v2\/tags?post=148045"}],"curies":[{"name":"wp","href":"https:\/\/api.w.org\/{rel}","templated":true}]}}