{"id":148020,"date":"2022-05-15T20:17:31","date_gmt":"2022-05-15T23:17:31","guid":{"rendered":"http:\/\/centraldeportes.com.ar\/?p=16288"},"modified":"2022-05-15T20:17:31","modified_gmt":"2022-05-15T23:17:31","slug":"paso-la-actividad-del-domingo-para-la-primera-b","status":"publish","type":"post","link":"https:\/\/cdnoticias.com\/index.php\/2022\/05\/15\/paso-la-actividad-del-domingo-para-la-primera-b\/","title":{"rendered":"Pas\u00f3 la actividad del domingo para la Primera B"},"content":{"rendered":"<p>El certamen de Primera B organizado por la Liga de F\u00fatbol de Olavarr\u00eda tuvo continuidad este domingo con la disputa de la tercera fecha que llegar\u00e1 a su fin en la noche del lunes.<\/p>\n<p><!--more--><\/p>\n<hr \/>\n<p>La actividad dominical se llev\u00f3 a cabo en la cancha auxiliar de El Fort\u00edn mientras que el partido del lunes se jugar\u00e1 en el Clemente de Carlo.<\/p>\n<p>&nbsp;<\/p>\n<p>[soliloquy slug=&#8221;primera-b-3&#8243;]<\/p>\n<p>&nbsp;<\/p>\n<p>Los resultados:<\/p>\n<p>El Provincial 2 (Mario Cos E\/C y Hern\u00e1n Mi\u00f1o) \u2013 1 (Sergio \u00c1lvarez) Villa Magdalena<br \/>\nDefensores de Hinojo (Joaqu\u00edn Gonz\u00e1lez) \u2013 2 (Marcelo Hol y Cristian M\u00e1rquez) Independiente<br \/>\nVilla Mail\u00edn \u2013 Espigas (lunes)<\/p>\n","protected":false},"excerpt":{"rendered":"<p>El certamen de Primera B organizado por la Liga de F\u00fatbol de Olavarr\u00eda tuvo continuidad este domingo con la disputa<\/p>\n","protected":false},"author":96739694,"featured_media":148021,"comment_status":"closed","ping_status":"closed","sticky":false,"template":"","format":"standard","meta":{"_jetpack_memberships_contains_paid_content":false,"footnotes":""},"categories":[35,1,41],"tags":[],"class_list":["post-148020","post","type-post","status-publish","format-standard","has-post-thumbnail","hentry","category-futbol","category-portada","category-primera-y-reserva"],"jetpack_featured_media_url":"https:\/\/i0.wp.com\/cdnoticias.com\/wp-content\/uploads\/2022\/05\/primera-b_4-1.jpg?fit=1280%2C853&ssl=1","jetpack_sharing_enabled":true,"_links":{"self":[{"href":"https:\/\/cdnoticias.com\/index.php\/wp-json\/wp\/v2\/posts\/148020","targetHints":{"allow":["GET"]}}],"collection":[{"href":"https:\/\/cdnoticias.com\/index.php\/wp-json\/wp\/v2\/posts"}],"about":[{"href":"https:\/\/cdnoticias.com\/index.php\/wp-json\/wp\/v2\/types\/post"}],"author":[{"embeddable":true,"href":"https:\/\/cdnoticias.com\/index.php\/wp-json\/wp\/v2\/users\/96739694"}],"replies":[{"embeddable":true,"href":"https:\/\/cdnoticias.com\/index.php\/wp-json\/wp\/v2\/comments?post=148020"}],"version-history":[{"count":0,"href":"https:\/\/cdnoticias.com\/index.php\/wp-json\/wp\/v2\/posts\/148020\/revisions"}],"wp:featuredmedia":[{"embeddable":true,"href":"https:\/\/cdnoticias.com\/index.php\/wp-json\/wp\/v2\/media\/148021"}],"wp:attachment":[{"href":"https:\/\/cdnoticias.com\/index.php\/wp-json\/wp\/v2\/media?parent=148020"}],"wp:term":[{"taxonomy":"category","embeddable":true,"href":"https:\/\/cdnoticias.com\/index.php\/wp-json\/wp\/v2\/categories?post=148020"},{"taxonomy":"post_tag","embeddable":true,"href":"https:\/\/cdnoticias.com\/index.php\/wp-json\/wp\/v2\/tags?post=148020"}],"curies":[{"name":"wp","href":"https:\/\/api.w.org\/{rel}","templated":true}]}}