{"id":14802,"date":"2021-02-26T17:33:53","date_gmt":"2021-02-26T20:33:53","guid":{"rendered":"http:\/\/www.centraldenoticias.com.ar\/?p=14802"},"modified":"2021-02-26T19:59:45","modified_gmt":"2021-02-26T22:59:45","slug":"la-feria-de-verduras-estara-en-casa-valeria-y-la-sociedad-de-fomento-villa-mailin","status":"publish","type":"post","link":"https:\/\/cdnoticias.com\/index.php\/2021\/02\/26\/la-feria-de-verduras-estara-en-casa-valeria-y-la-sociedad-de-fomento-villa-mailin\/","title":{"rendered":"La feria de verduras estar\u00e1 en Casa Valeria y la Sociedad de Fomento Villa Mail\u00edn"},"content":{"rendered":"<p>Ser\u00e1 este domingo desde la ma\u00f1ana. Se pide concurrir con barbijo y se suspender\u00e1 en caso de lluvias.<!--more--><\/p>\n<hr \/>\n<p>Este fin de semana el MTE Rural y la UTEP volver\u00e1n a realizar<strong> una feria de verduras, que estar\u00e1 en dos sitios de la ciudad durante la ma\u00f1ana y mediod\u00eda del pr\u00f3ximo domingo.<\/strong><\/p>\n<p>&nbsp;<\/p>\n<p><img data-recalc-dims=\"1\" loading=\"lazy\" decoding=\"async\" class=\"alignnone size-large wp-image-12434\" src=\"https:\/\/i0.wp.com\/cdnoticias.com\/wp-content\/uploads\/2021\/01\/IMG_20210123_110523_586.jpg?resize=800%2C600&#038;ssl=1\" alt=\"\" width=\"800\" height=\"600\" srcset=\"https:\/\/i0.wp.com\/cdnoticias.com\/wp-content\/uploads\/2021\/01\/IMG_20210123_110523_586.jpg?resize=1024%2C768&amp;ssl=1 1024w, https:\/\/i0.wp.com\/cdnoticias.com\/wp-content\/uploads\/2021\/01\/IMG_20210123_110523_586.jpg?resize=300%2C225&amp;ssl=1 300w, https:\/\/i0.wp.com\/cdnoticias.com\/wp-content\/uploads\/2021\/01\/IMG_20210123_110523_586.jpg?resize=768%2C576&amp;ssl=1 768w, https:\/\/i0.wp.com\/cdnoticias.com\/wp-content\/uploads\/2021\/01\/IMG_20210123_110523_586.jpg?w=1600&amp;ssl=1 1600w, https:\/\/i0.wp.com\/cdnoticias.com\/wp-content\/uploads\/2021\/01\/IMG_20210123_110523_586.jpg?w=2400&amp;ssl=1 2400w\" sizes=\"auto, (max-width: 800px) 100vw, 800px\" \/><\/p>\n<p>&nbsp;<\/p>\n<p>Seg\u00fan se narr\u00f3, estar\u00e1n, por un lado, en la <strong>Casa Popular Valeria<\/strong>, ubicada en Fassina 1931, y tambi\u00e9n en la <strong>Sociedad de Fomento Villa Mail\u00edn<\/strong>, situada en Pelegrino y Corrientes. En ambos casos ser\u00e1 <strong>desde las 9.30 hasta las 13.30, o en caso de agotar stock.<\/strong><\/p>\n<p>&nbsp;<\/p>\n<p><img data-recalc-dims=\"1\" loading=\"lazy\" decoding=\"async\" class=\"alignnone size-large wp-image-14803\" src=\"https:\/\/i0.wp.com\/cdnoticias.com\/wp-content\/uploads\/2021\/02\/IMG-20210226-WA0013.jpg?resize=800%2C800&#038;ssl=1\" alt=\"\" width=\"800\" height=\"800\" srcset=\"https:\/\/i0.wp.com\/cdnoticias.com\/wp-content\/uploads\/2021\/02\/IMG-20210226-WA0013.jpg?resize=1024%2C1024&amp;ssl=1 1024w, https:\/\/i0.wp.com\/cdnoticias.com\/wp-content\/uploads\/2021\/02\/IMG-20210226-WA0013.jpg?resize=150%2C150&amp;ssl=1 150w, https:\/\/i0.wp.com\/cdnoticias.com\/wp-content\/uploads\/2021\/02\/IMG-20210226-WA0013.jpg?resize=300%2C300&amp;ssl=1 300w, https:\/\/i0.wp.com\/cdnoticias.com\/wp-content\/uploads\/2021\/02\/IMG-20210226-WA0013.jpg?resize=768%2C768&amp;ssl=1 768w, https:\/\/i0.wp.com\/cdnoticias.com\/wp-content\/uploads\/2021\/02\/IMG-20210226-WA0013.jpg?w=1280&amp;ssl=1 1280w\" sizes=\"auto, (max-width: 800px) 100vw, 800px\" \/><\/p>\n<p>&nbsp;<\/p>\n<p>Por \u00faltimo, se expres\u00f3 que los interesados <strong>deber\u00e1n acercarse obligatoriamente con barbijo, bolsa y respetar el distanciamiento social. Se suspende en caso de lluvias.<\/strong><\/p>\n","protected":false},"excerpt":{"rendered":"<p>Ser\u00e1 este domingo desde la ma\u00f1ana. Se pide concurrir con barbijo y se suspender\u00e1 en caso de lluvias.<\/p>\n","protected":false},"author":3,"featured_media":12438,"comment_status":"closed","ping_status":"closed","sticky":false,"template":"","format":"standard","meta":{"_jetpack_memberships_contains_paid_content":false,"footnotes":""},"categories":[5],"tags":[],"class_list":["post-14802","post","type-post","status-publish","format-standard","has-post-thumbnail","hentry","category-informacion-general"],"jetpack_featured_media_url":"https:\/\/i0.wp.com\/cdnoticias.com\/wp-content\/uploads\/2021\/01\/IMG_20210124_095335_391.jpg?fit=4160%2C3120&ssl=1","jetpack_sharing_enabled":true,"_links":{"self":[{"href":"https:\/\/cdnoticias.com\/index.php\/wp-json\/wp\/v2\/posts\/14802","targetHints":{"allow":["GET"]}}],"collection":[{"href":"https:\/\/cdnoticias.com\/index.php\/wp-json\/wp\/v2\/posts"}],"about":[{"href":"https:\/\/cdnoticias.com\/index.php\/wp-json\/wp\/v2\/types\/post"}],"author":[{"embeddable":true,"href":"https:\/\/cdnoticias.com\/index.php\/wp-json\/wp\/v2\/users\/3"}],"replies":[{"embeddable":true,"href":"https:\/\/cdnoticias.com\/index.php\/wp-json\/wp\/v2\/comments?post=14802"}],"version-history":[{"count":0,"href":"https:\/\/cdnoticias.com\/index.php\/wp-json\/wp\/v2\/posts\/14802\/revisions"}],"wp:featuredmedia":[{"embeddable":true,"href":"https:\/\/cdnoticias.com\/index.php\/wp-json\/wp\/v2\/media\/12438"}],"wp:attachment":[{"href":"https:\/\/cdnoticias.com\/index.php\/wp-json\/wp\/v2\/media?parent=14802"}],"wp:term":[{"taxonomy":"category","embeddable":true,"href":"https:\/\/cdnoticias.com\/index.php\/wp-json\/wp\/v2\/categories?post=14802"},{"taxonomy":"post_tag","embeddable":true,"href":"https:\/\/cdnoticias.com\/index.php\/wp-json\/wp\/v2\/tags?post=14802"}],"curies":[{"name":"wp","href":"https:\/\/api.w.org\/{rel}","templated":true}]}}