{"id":148008,"date":"2022-05-16T11:01:10","date_gmt":"2022-05-16T14:01:10","guid":{"rendered":"http:\/\/centraldeportes.com.ar\/?p=16319"},"modified":"2022-05-16T11:01:10","modified_gmt":"2022-05-16T14:01:10","slug":"victorias-para-collodoro-benito-y-errobidart-en-azul","status":"publish","type":"post","link":"https:\/\/cdnoticias.com\/index.php\/2022\/05\/16\/victorias-para-collodoro-benito-y-errobidart-en-azul\/","title":{"rendered":"Victorias para Collodoro, Benito y Errobidart en Azul"},"content":{"rendered":"<p>Las categor\u00edas de la Asociaci\u00f3n de Pilotos Promocional del Sudeste visitaron el \u201cOscar Mauricio Franco\u201d de Azul para disputar la tercera fecha del a\u00f1o. Mart\u00edn Collodoro en la Promo y Nicol\u00e1s Benito en la Monomarca festejaron en lo m\u00e1s alto del podio. Mat\u00edas Errobidart gan\u00f3 en la Copa Gol.<\/p>\n<p><!--more--><\/p>\n<hr \/>\n<p>Mart\u00edn Collodoro logr\u00f3 su segundo triunfo consecutivo en la Promocional 1100. Luego de ganar en la segunda fecha en Tres Arroyos, el olavarriense volvi\u00f3 a mostrar todo su potencial doblegando al m\u00faltiple campe\u00f3n Manuel Serra, con una buena maniobra que le dio la victoria.<\/p>\n<p>&nbsp;<\/p>\n<p>Un gran candidato al triunfo como Brian Stracqudaini se qued\u00f3 sin chances por problemas en la largada, esto le posibilit\u00f3 a Mart\u00edn Collodoro y Manuel Serra definir la carrera en un interesante duelo Fiat \u2013 Renault.<\/p>\n<p><img data-recalc-dims=\"1\" loading=\"lazy\" decoding=\"async\" class=\"aligncenter size-full wp-image-16321\" src=\"https:\/\/i0.wp.com\/centraldeportes.com.ar\/wp-content\/uploads\/2022\/05\/1652709394544.jpg?resize=800%2C533\" alt=\"\" width=\"800\" height=\"533\" \/><\/p>\n<p>Si bien Manuel Menstasty se mantuvo a la expectativa desde el tercer lugar, lleg\u00f3 la maniobra para Collodoro que salt\u00f3 a la punta superando al Renault y se encamin\u00f3 al triunfo. Serra se debi\u00f3 conformar con el segundo lugar, mientras que Leo Gelso super\u00f3 a Mentasty para ser tercero y obtener su primer podio. Gran trabajo del piloto \u201cCentral de Noticias\u201d, Eddie Leonetti, que avanz\u00f3 al quinto lugar.<\/p>\n<p>&nbsp;<\/p>\n<p>S\u00f3lo tres fechas le permitieron a Nicol\u00e1s Benito conocer el triunfo en la Monomarca 1100, el olavarriense tiene una amplia experiencia en las divisionales de APPKO en la que se consagr\u00f3 campe\u00f3n siendo muy peque\u00f1o, y luego de pasar por la Promocional, lleg\u00f3 al triunfo en su tercera carrera en la Monomarca.<\/p>\n<p>&nbsp;<\/p>\n<p>Favorecido por la lucha y los toques que se produjeron detr\u00e1s, Benito se mantuvo firme para celebrar su primera victoria. Segundo arrib\u00f3 Emanuel Bibiloni, revirtiendo un domingo complicado por la sanci\u00f3n de la prefinal, y tercero en pista fue Nicol\u00e1s Romero, pero luego fue excluido por varios toques, por lo que el tercer lugar qued\u00f3 en manos de Emiliano Juez.<\/p>\n<p>&nbsp;<\/p>\n<p>Joel Pianzola y Agust\u00edn Bruno completaron los primeros cinco de la final en una interesante pelea por las primeras ubicaciones, en otro gran espect\u00e1culo de la categor\u00eda.<\/p>\n<p>&nbsp;<\/p>\n<p>Por \u00faltimo, la Copa VW Gol comenz\u00f3 a recorrer lo que resta de su campeonato con las categor\u00edas de APPS y tambi\u00e9n brind\u00f3 una interesante carrera.<\/p>\n<p><img data-recalc-dims=\"1\" loading=\"lazy\" decoding=\"async\" class=\"aligncenter size-full wp-image-16320\" src=\"https:\/\/i0.wp.com\/centraldeportes.com.ar\/wp-content\/uploads\/2022\/05\/1652709394486.jpg?resize=800%2C533\" alt=\"\" width=\"800\" height=\"533\" \/><\/p>\n<p>Mat\u00edas Errobidart se qued\u00f3 con la largada luego de que Nicol\u00e1s Matta tuviera problemas y se quedara detenido. As\u00ed comenz\u00f3 a dominar y pudo establecer una diferencia en el comienzo.<\/p>\n<p>&nbsp;<\/p>\n<p>Detr\u00e1s se present\u00f3 una entretenida carrera con varios protagonistas luchando por el resto de los lugares del podio. Daniel Albano pudo finalmente prevalecer en la lucha y se qued\u00f3 con el segundo lugar, pero en la t\u00e9cnica su motor tuvo problemas con la compresi\u00f3n y fue excluido. Facundo Miralles accedi\u00f3 al segundo lugar y Leonardo Marota ocpu\u00f3 el tercer lugar.<\/p>\n<p>&nbsp;<\/p>\n<p><em><strong>Promocional 1100<\/strong><\/em><\/p>\n<p>1 Collodoro, Martin<\/p>\n<p>2 Serra, Manuel<\/p>\n<p>3 Gelso, Leo<\/p>\n<p>4 Mentasty, Manuel<\/p>\n<p>5 Leonetti, Eddie<\/p>\n<p>6 Latorre, Benjam\u00edn<\/p>\n<p>7 Novillo, Cristian<\/p>\n<p>8 Macaluso, Carlos<\/p>\n<p>9 Tartuferi, Diego<\/p>\n<p>10 S\u00e1nchez, Leo<\/p>\n<p>11 Pendas, Gustavo<\/p>\n<p>12 Mangieri, Diego<\/p>\n<p>13 Gisler, Gonzalo<\/p>\n<p>14 Fernandez, Jos\u00e9<\/p>\n<p>15 Monferrer, Juan C.<\/p>\n<p>16 Grierson, Guillermo<\/p>\n<p>17 Eyherart, Ariel<\/p>\n<p>18 Fucci, Bernardo<\/p>\n<p>19 Vivarelli, Justo<\/p>\n<p>20 Benaglia, Martin<\/p>\n<p>21 Stracquadaini, Braian<\/p>\n<p>&nbsp;<\/p>\n<p><em><strong>Monomarca 1100<\/strong><\/em><\/p>\n<p>1 Benito, Nicol\u00e1s<\/p>\n<p>2 Bibiloni, Emanuel<\/p>\n<p>3 Juez, Emiliano<\/p>\n<p>4 Pianzola, Joel<\/p>\n<p>5 Bruno, Agust\u00edn<\/p>\n<p>6 Picone, Gonzalo<\/p>\n<p>7 Zaldua, Martin<\/p>\n<p>8 Riciutti, Esteban<\/p>\n<p>9 Fern\u00e1ndez, Juan<\/p>\n<p>10 Bocagni, Michael<\/p>\n<p>11 Wagner, Alan<\/p>\n<p>12 S\u00e1nchez, Nahuel<\/p>\n<p>13 Demateo, Pablo<\/p>\n<p>14 Alsina, Mat\u00edas<\/p>\n<p>15 Fornes, Oscar<\/p>\n<p>16 Lebrero, Ricardo<\/p>\n<p>17 Soraiz, Sergio<\/p>\n<p>18 Rodr\u00edguez, Jorge Luis<\/p>\n<p>19 S\u00e1nchez, Emilio<\/p>\n<p>20 Saavedra, Nicol\u00e1s<\/p>\n<p>21 \u00c1lvarez, Facundo<\/p>\n<p>22 Gallardo, Jonathan<\/p>\n<p>23 Linares, Bernardo<\/p>\n<p>24 Marcilla, Alejandro<\/p>\n<p>25 Olivera, Mat\u00edas<\/p>\n<p>26 Laurenz, Franco<\/p>\n<p>27 Cirioli, Leopoldo<\/p>\n<p>28 Valisi, Diego<\/p>\n<p>29 Bianchi, Federico<\/p>\n<p>30 Saba, Martin S\/V<\/p>\n<p>31 Gomez, Ra\u00fal S\/V<\/p>\n<p>Romero, Nicol\u00e1s Excluido por toques<\/p>\n<p>&nbsp;<\/p>\n<p><em><strong>Copa VW Gol<\/strong><\/em><\/p>\n<p>1 Mat\u00edas Errobidart<\/p>\n<p>2 Facundo Miralles<\/p>\n<p>3 Leo Marotta<\/p>\n<p>4 Andr\u00e9s Mantelli<\/p>\n<p>5 Juan Carlos L\u00f3pez<\/p>\n<p>6 Lucas Errobidart<\/p>\n<p>7 Nicol\u00e1s Vizzolini<\/p>\n<p>8 Juan Carlos Monferrer<\/p>\n<p>9 Nicol\u00e1s Matta<\/p>\n<p>10 Daniel Albano Excluido por t\u00e9cnica<\/p>\n<p>&nbsp;<\/p>\n","protected":false},"excerpt":{"rendered":"<p>Las categor\u00edas de la Asociaci\u00f3n de Pilotos Promocional del Sudeste visitaron el \u201cOscar Mauricio Franco\u201d de Azul para disputar la<\/p>\n","protected":false},"author":96739694,"featured_media":148009,"comment_status":"closed","ping_status":"closed","sticky":false,"template":"","format":"standard","meta":{"_jetpack_memberships_contains_paid_content":false,"footnotes":""},"categories":[51,34,1],"tags":[],"class_list":["post-148008","post","type-post","status-publish","format-standard","has-post-thumbnail","hentry","category-apps","category-automovilismo","category-portada"],"jetpack_featured_media_url":"https:\/\/i0.wp.com\/cdnoticias.com\/wp-content\/uploads\/2022\/05\/1652709394515.jpg?fit=974%2C637&ssl=1","jetpack_sharing_enabled":true,"_links":{"self":[{"href":"https:\/\/cdnoticias.com\/index.php\/wp-json\/wp\/v2\/posts\/148008","targetHints":{"allow":["GET"]}}],"collection":[{"href":"https:\/\/cdnoticias.com\/index.php\/wp-json\/wp\/v2\/posts"}],"about":[{"href":"https:\/\/cdnoticias.com\/index.php\/wp-json\/wp\/v2\/types\/post"}],"author":[{"embeddable":true,"href":"https:\/\/cdnoticias.com\/index.php\/wp-json\/wp\/v2\/users\/96739694"}],"replies":[{"embeddable":true,"href":"https:\/\/cdnoticias.com\/index.php\/wp-json\/wp\/v2\/comments?post=148008"}],"version-history":[{"count":0,"href":"https:\/\/cdnoticias.com\/index.php\/wp-json\/wp\/v2\/posts\/148008\/revisions"}],"wp:featuredmedia":[{"embeddable":true,"href":"https:\/\/cdnoticias.com\/index.php\/wp-json\/wp\/v2\/media\/148009"}],"wp:attachment":[{"href":"https:\/\/cdnoticias.com\/index.php\/wp-json\/wp\/v2\/media?parent=148008"}],"wp:term":[{"taxonomy":"category","embeddable":true,"href":"https:\/\/cdnoticias.com\/index.php\/wp-json\/wp\/v2\/categories?post=148008"},{"taxonomy":"post_tag","embeddable":true,"href":"https:\/\/cdnoticias.com\/index.php\/wp-json\/wp\/v2\/tags?post=148008"}],"curies":[{"name":"wp","href":"https:\/\/api.w.org\/{rel}","templated":true}]}}