{"id":147988,"date":"2022-05-17T11:42:21","date_gmt":"2022-05-17T14:42:21","guid":{"rendered":"http:\/\/centraldeportes.com.ar\/?p=16354"},"modified":"2022-05-17T11:42:21","modified_gmt":"2022-05-17T14:42:21","slug":"primera-b-villa-mailin-gano-en-el-cierre-de-la-fecha","status":"publish","type":"post","link":"https:\/\/cdnoticias.com\/index.php\/2022\/05\/17\/primera-b-villa-mailin-gano-en-el-cierre-de-la-fecha\/","title":{"rendered":"Primera B: Villa Mail\u00edn gan\u00f3 en el cierre de la fecha"},"content":{"rendered":"<p>En el Tete Di Carlo se cerr\u00f3 la tercera fecha del Torneo Preparaci\u00f3n de la Primera B y hubo victoria para Villa Mail\u00edn.<!--more--><\/p>\n<hr \/>\n<p>Villa Mail\u00edn y Espigas se enfrentaron en la noche del lunes para cerrar la actividad organizada por la Liga de F\u00fatbol de Olavarr\u00eda.<\/p>\n<p>&nbsp;<\/p>\n<p>[soliloquy slug=&#8221;primera-b-4&#8243;]<\/p>\n<p>&nbsp;<\/p>\n<p>Cerrando la fecha que inici\u00f3 en la noche del lunes, Villa Mail\u00edn venci\u00f3 2 a 1 a Espigas. Los goles del ganador fueron de \u00a0Franco Orsetti y Nicol\u00e1s N\u00fa\u00f1ez, mientras que para el \u201cchacarero\u201d lo hizo Kevin Andreu.<\/p>\n<p>&nbsp;<\/p>\n","protected":false},"excerpt":{"rendered":"<p>En el Tete Di Carlo se cerr\u00f3 la tercera fecha del Torneo Preparaci\u00f3n de la Primera B y hubo victoria<\/p>\n","protected":false},"author":96739694,"featured_media":147989,"comment_status":"closed","ping_status":"closed","sticky":false,"template":"","format":"standard","meta":{"_jetpack_memberships_contains_paid_content":false,"footnotes":""},"categories":[35,1,41],"tags":[],"class_list":["post-147988","post","type-post","status-publish","format-standard","has-post-thumbnail","hentry","category-futbol","category-portada","category-primera-y-reserva"],"jetpack_featured_media_url":"https:\/\/i0.wp.com\/cdnoticias.com\/wp-content\/uploads\/2022\/05\/primera-b_6.jpg?fit=1280%2C820&ssl=1","jetpack_sharing_enabled":true,"_links":{"self":[{"href":"https:\/\/cdnoticias.com\/index.php\/wp-json\/wp\/v2\/posts\/147988","targetHints":{"allow":["GET"]}}],"collection":[{"href":"https:\/\/cdnoticias.com\/index.php\/wp-json\/wp\/v2\/posts"}],"about":[{"href":"https:\/\/cdnoticias.com\/index.php\/wp-json\/wp\/v2\/types\/post"}],"author":[{"embeddable":true,"href":"https:\/\/cdnoticias.com\/index.php\/wp-json\/wp\/v2\/users\/96739694"}],"replies":[{"embeddable":true,"href":"https:\/\/cdnoticias.com\/index.php\/wp-json\/wp\/v2\/comments?post=147988"}],"version-history":[{"count":0,"href":"https:\/\/cdnoticias.com\/index.php\/wp-json\/wp\/v2\/posts\/147988\/revisions"}],"wp:featuredmedia":[{"embeddable":true,"href":"https:\/\/cdnoticias.com\/index.php\/wp-json\/wp\/v2\/media\/147989"}],"wp:attachment":[{"href":"https:\/\/cdnoticias.com\/index.php\/wp-json\/wp\/v2\/media?parent=147988"}],"wp:term":[{"taxonomy":"category","embeddable":true,"href":"https:\/\/cdnoticias.com\/index.php\/wp-json\/wp\/v2\/categories?post=147988"},{"taxonomy":"post_tag","embeddable":true,"href":"https:\/\/cdnoticias.com\/index.php\/wp-json\/wp\/v2\/tags?post=147988"}],"curies":[{"name":"wp","href":"https:\/\/api.w.org\/{rel}","templated":true}]}}