{"id":147931,"date":"2022-05-08T14:56:08","date_gmt":"2022-05-08T17:56:08","guid":{"rendered":"http:\/\/centraldeportes.com.ar\/?p=15858"},"modified":"2022-05-08T14:56:08","modified_gmt":"2022-05-08T17:56:08","slug":"ferro-elimino-a-estudiantes-por-penales-y-esta-en-semifinales","status":"publish","type":"post","link":"https:\/\/cdnoticias.com\/index.php\/2022\/05\/08\/ferro-elimino-a-estudiantes-por-penales-y-esta-en-semifinales\/","title":{"rendered":"Ferro elimin\u00f3 a Estudiantes por penales y est\u00e1 en semifinales"},"content":{"rendered":"<p>En la apertura de los cuartos de final del Torneo Clausura de Primera Divisi\u00f3n, el \u201ccarbonero\u201d se impuso 5 a 3 ante Estudiantes en la tanda de penales luego de igualar 1 a 1 en tiempo reglamentario.<!--more--><\/p>\n<hr \/>\n<p>Durante el mediod\u00eda de este domingo, Ferro y Estudiantes inauguraron los playoffs del Clausura \u201cNorberto Desanzo\u201d de Primera Divisi\u00f3n en el \u201cDomingo Colasurdo\u201d. <strong>Desde la definici\u00f3n del punto penal termin\u00f3 festejando el conjunto \u201ccarbonero\u201d luego de igualar 1 a 1 con el \u201cbataraz\u201d<\/strong>. Los de Enrique De la Vega se pusieron en ventaja en el primer tiempo y el local lleg\u00f3 al empate transitorio desde los 12 pasos en la etapa complementaria.<\/p>\n<p>&nbsp;<\/p>\n<p>Fue una primera mitad bastante opaca. Es que durante el primer cuarto de hora ambos equipos estuvieron muy imprecisos en las entregas, abusaron del pelotazo y no lograron generar f\u00fatbol en un mediocampo muy poblado.<\/p>\n<p>&nbsp;<\/p>\n<p>No obstante, desde un tiro de esquina desde la izquierda <strong>a los 16\u2019, Seibel defini\u00f3 de taco, la pelota impact\u00f3 en el palo derecho y el rebote le qued\u00f3 a Leandro Castar\u00e9s que con un potente remate marc\u00f3 la ventaja para el elenco \u201cbataraz\u201d<\/strong>. Minutos despu\u00e9s, a los 32\u2019, Pierce desperdici\u00f3 la m\u00e1s clara para el \u201ccarbonero\u201d en el primer tiempo con un remate cruzado dentro del \u00e1rea que se termin\u00f3 perdiendo por la l\u00ednea de fondo.<\/p>\n<p>&nbsp;<\/p>\n<p>[soliloquy slug=&#8221;ferro-cae-3&#8243;]<\/p>\n<p>&nbsp;<\/p>\n<p>El complemento inici\u00f3 con intensidad porque <strong>a los 47\u2019<\/strong>, en un avance de Ferro, Masson derrib\u00f3 a Ignacio Pierce dentro del \u00e1rea y<strong> el \u00e1rbitro inmediatamente pit\u00f3 la pena m\u00e1xima que, minuto despu\u00e9s, el mismo Pierce intercambi\u00f3 por gol<\/strong> marcando el empate para los dirigidos por Peralta.<\/p>\n<p>&nbsp;<\/p>\n<p>Luego de la paridad, la intensidad de juego se fue diluyendo poco a poco y a los dos equipos les cost\u00f3 llegar al \u00e1rea rival para generar ocasiones manifiestas. A los 77\u2019, Penna encontr\u00f3 espacio en tres cuartos de cancha y sac\u00f3 un remate de media distancia que pas\u00f3 cerquita del palo izquierdo del arquero de Estudiantes.<\/p>\n<p>&nbsp;<\/p>\n<p>Sin embargo dos minutos m\u00e1s tarde y a instancias del Asistente N\u00b0 1, el \u00e1rbitro del encuentro decret\u00f3 penal para el \u201ccarbonero\u201d luego de una salida agresiva de Masson (plancha a S\u00e1nchez), que le termin\u00f3 costando la segunda amarilla y expulsi\u00f3n. Posteriormente, <strong>a los 83\u2019, se luci\u00f3 Agustin Bonavetti<\/strong> que hab\u00eda ingresado para cubrir la vacante en el arco y <strong>le contuvo la definici\u00f3n a Mar\u00edn manteniendo la igualdad en 1 en el resultado<\/strong>.<\/p>\n<p>&nbsp;<\/p>\n<p><strong>Tanda de Penales<\/strong>:<\/p>\n<p>Ferro (5): Buongiorno (O); Pierce (O); Mar\u00edn (O); Vivas (O) y S\u00e1nchez (O).<\/p>\n<p>Estudiantes (3): Seibel (O); Campos (O); Ruschetti (O); Junger (X).<\/p>\n<p>&nbsp;<\/p>\n<p>S\u00edntesis Ferro Carril Sud \u2013 Estudiantes:<\/p>\n<p><strong>Ferro Carril Sud (1): <\/strong>Santiago P\u00e9rez; Maximiliano Herrera (H. Blanco), Alan Ben\u00edtez, Mathias Buongiorno, Mateo Tamagnini (G. Vidal); Jos\u00e9 Vivas, Ger\u00f3nimo Candia, Ram\u00f3n S\u00e1nchez, Iv\u00e1n G\u00f3mez (J. Penna); Quimey Mar\u00edn e Ignacio Pierce. DT: Mauricio Peralta.<\/p>\n<p><strong>Estudiantes (1):<\/strong> Juli\u00e1n Masson; Manuel Garrido, Leandro Castar\u00e9s, Carlos Ruschetti, Eros Salas (R. Alonso); Lucas Romero (A. Bonavetti), Bernardo Junger, Jonathan Campos, Claudio Gim\u00e9nez (B. Peralta); Ram\u00f3n Galotti (S. Rodr\u00edguez) y Emilio Seibel. DT: Enrique De la Vega.<\/p>\n<p><strong>Goles:<\/strong> 16m. PT Leandro Castar\u00e9s (CAE); 3m. ST Ignacio Pierce \u2013 p \u2013 (FCS).<\/p>\n<p><strong>Incidencias<\/strong>: Agust\u00edn Bonavetti le ataj\u00f3 un penal a Mar\u00edn a los 38m. ST.<\/p>\n<p><strong>Amonestados:<\/strong> Herrera, Candia y Blanco (Ferro); Castar\u00e9s y Gim\u00e9nez (Estudiantes).<\/p>\n<p><strong>Expulsados:<\/strong> 34m. ST Juli\u00e1n Masson (CAE); Enrique De la Vega \u2013 DT \u2013 (CAE).<\/p>\n<p><strong>\u00c1rbitro: <\/strong>Cristian Arce.<strong> Estadio:<\/strong> Domingo F. Colasurdo.<\/p>\n","protected":false},"excerpt":{"rendered":"<p>En la apertura de los cuartos de final del Torneo Clausura de Primera Divisi\u00f3n, el \u201ccarbonero\u201d se impuso 5 a<\/p>\n","protected":false},"author":96739694,"featured_media":147932,"comment_status":"closed","ping_status":"closed","sticky":false,"template":"","format":"standard","meta":{"_jetpack_memberships_contains_paid_content":false,"footnotes":""},"categories":[35,1,41],"tags":[],"class_list":["post-147931","post","type-post","status-publish","format-standard","has-post-thumbnail","hentry","category-futbol","category-portada","category-primera-y-reserva"],"jetpack_featured_media_url":"https:\/\/i0.wp.com\/cdnoticias.com\/wp-content\/uploads\/2022\/05\/ferro-cae-futbol_20.jpg?fit=1280%2C853&ssl=1","jetpack_sharing_enabled":true,"_links":{"self":[{"href":"https:\/\/cdnoticias.com\/index.php\/wp-json\/wp\/v2\/posts\/147931","targetHints":{"allow":["GET"]}}],"collection":[{"href":"https:\/\/cdnoticias.com\/index.php\/wp-json\/wp\/v2\/posts"}],"about":[{"href":"https:\/\/cdnoticias.com\/index.php\/wp-json\/wp\/v2\/types\/post"}],"author":[{"embeddable":true,"href":"https:\/\/cdnoticias.com\/index.php\/wp-json\/wp\/v2\/users\/96739694"}],"replies":[{"embeddable":true,"href":"https:\/\/cdnoticias.com\/index.php\/wp-json\/wp\/v2\/comments?post=147931"}],"version-history":[{"count":0,"href":"https:\/\/cdnoticias.com\/index.php\/wp-json\/wp\/v2\/posts\/147931\/revisions"}],"wp:featuredmedia":[{"embeddable":true,"href":"https:\/\/cdnoticias.com\/index.php\/wp-json\/wp\/v2\/media\/147932"}],"wp:attachment":[{"href":"https:\/\/cdnoticias.com\/index.php\/wp-json\/wp\/v2\/media?parent=147931"}],"wp:term":[{"taxonomy":"category","embeddable":true,"href":"https:\/\/cdnoticias.com\/index.php\/wp-json\/wp\/v2\/categories?post=147931"},{"taxonomy":"post_tag","embeddable":true,"href":"https:\/\/cdnoticias.com\/index.php\/wp-json\/wp\/v2\/tags?post=147931"}],"curies":[{"name":"wp","href":"https:\/\/api.w.org\/{rel}","templated":true}]}}