{"id":147918,"date":"2022-05-08T21:51:05","date_gmt":"2022-05-09T00:51:05","guid":{"rendered":"http:\/\/centraldeportes.com.ar\/?p=15910"},"modified":"2022-05-08T21:51:05","modified_gmt":"2022-05-09T00:51:05","slug":"josefina-vigo-debio-abandonar-en-la-segunda-fecha-de-la-liga-speedagro","status":"publish","type":"post","link":"https:\/\/cdnoticias.com\/index.php\/2022\/05\/08\/josefina-vigo-debio-abandonar-en-la-segunda-fecha-de-la-liga-speedagro\/","title":{"rendered":"Josefina Vigo debi\u00f3 abandonar en la segunda fecha de la Liga Speedagro"},"content":{"rendered":"<p>Problemas en el Fiat Punto la obligaron a ingresar a boxes en el cuarto giro. Ignacio Polizzi se llev\u00f3 la victoria en esta segunda fecha de la categor\u00eda.<!--more--><\/p>\n<hr \/>\n<p>El Turismo Carretera desembarc\u00f3 en el aut\u00f3dromo Internacional de Termas de R\u00edo Hondo, y all\u00ed estuvo la nueva categor\u00eda Speedagro Racing que disput\u00f3 su segunda fecha del campeonato.<\/p>\n<p>&nbsp;<\/p>\n<p>Los Fiat Punto salieron a pista para inaugurar la pista en la ma\u00f1ana del domingo, y la olavarriense parti\u00f3 desde el s\u00e9ptimo lugar, producto de la buena clasificaci\u00f3n del d\u00eda s\u00e1bado.<\/p>\n<p>&nbsp;<\/p>\n<p>Desde el comienzo Josefina perdi\u00f3 algunas ubicaciones, y cuando transitaba en el d\u00e9cimo lugar, en el cuarto giro debi\u00f3 ingresar a boxes por problemas en su unidad producto de la rotura del embrague.<\/p>\n<p>&nbsp;<\/p>\n<p>Ignacio Polizzi se qued\u00f3 con la victoria en una final en la que varios protagonistas dominaron, Carlos Sava arrib\u00f3 segundo y Franco Farina tercero.<\/p>\n<p>&nbsp;<\/p>\n<p>El pr\u00f3ximo compromiso ser\u00e1 en el aut\u00f3dromo Ciudad de Rafaela el 29 de mayo.<\/p>\n","protected":false},"excerpt":{"rendered":"<p>Problemas en el Fiat Punto la obligaron a ingresar a boxes en el cuarto giro. Ignacio Polizzi se llev\u00f3 la<\/p>\n","protected":false},"author":96739694,"featured_media":147919,"comment_status":"closed","ping_status":"closed","sticky":false,"template":"","format":"standard","meta":{"_jetpack_memberships_contains_paid_content":false,"footnotes":""},"categories":[34,1],"tags":[],"class_list":["post-147918","post","type-post","status-publish","format-standard","has-post-thumbnail","hentry","category-automovilismo","category-portada"],"jetpack_featured_media_url":"https:\/\/i0.wp.com\/cdnoticias.com\/wp-content\/uploads\/2022\/05\/WhatsApp-Image-2022-05-08-at-9.33.43-PM.jpeg?fit=1080%2C752&ssl=1","jetpack_sharing_enabled":true,"_links":{"self":[{"href":"https:\/\/cdnoticias.com\/index.php\/wp-json\/wp\/v2\/posts\/147918","targetHints":{"allow":["GET"]}}],"collection":[{"href":"https:\/\/cdnoticias.com\/index.php\/wp-json\/wp\/v2\/posts"}],"about":[{"href":"https:\/\/cdnoticias.com\/index.php\/wp-json\/wp\/v2\/types\/post"}],"author":[{"embeddable":true,"href":"https:\/\/cdnoticias.com\/index.php\/wp-json\/wp\/v2\/users\/96739694"}],"replies":[{"embeddable":true,"href":"https:\/\/cdnoticias.com\/index.php\/wp-json\/wp\/v2\/comments?post=147918"}],"version-history":[{"count":0,"href":"https:\/\/cdnoticias.com\/index.php\/wp-json\/wp\/v2\/posts\/147918\/revisions"}],"wp:featuredmedia":[{"embeddable":true,"href":"https:\/\/cdnoticias.com\/index.php\/wp-json\/wp\/v2\/media\/147919"}],"wp:attachment":[{"href":"https:\/\/cdnoticias.com\/index.php\/wp-json\/wp\/v2\/media?parent=147918"}],"wp:term":[{"taxonomy":"category","embeddable":true,"href":"https:\/\/cdnoticias.com\/index.php\/wp-json\/wp\/v2\/categories?post=147918"},{"taxonomy":"post_tag","embeddable":true,"href":"https:\/\/cdnoticias.com\/index.php\/wp-json\/wp\/v2\/tags?post=147918"}],"curies":[{"name":"wp","href":"https:\/\/api.w.org\/{rel}","templated":true}]}}