{"id":147901,"date":"2022-05-09T20:10:08","date_gmt":"2022-05-09T23:10:08","guid":{"rendered":"http:\/\/centraldeportes.com.ar\/?p=15938"},"modified":"2022-05-09T20:10:08","modified_gmt":"2022-05-09T23:10:08","slug":"gustavo-y-cecilia-fernandez-ganaron-el-desafio-corre-por-el-hospi","status":"publish","type":"post","link":"https:\/\/cdnoticias.com\/index.php\/2022\/05\/09\/gustavo-y-cecilia-fernandez-ganaron-el-desafio-corre-por-el-hospi\/","title":{"rendered":"Gustavo y Cecilia Fern\u00e1ndez ganaron el Desaf\u00edo \u201cCorre por el Hospi\u201d"},"content":{"rendered":"<p>Con casi 370 atletas distribuidos en las distintas categor\u00edas (10K, 5K, caminantes y pruebas infantiles), en horas del mediod\u00eda del domingo culmin\u00f3 el segundo desaf\u00edo \u00abCorr\u00e9 por el Hospi 2022\u00bb, realizado a beneficio del Centro Municipal de Salud y los ganadores fueron los olavarrienses Cecilia y Gustavo Fern\u00e1ndez.<\/p>\n<p><!--more--><\/p>\n<hr \/>\n<p>El m\u00e1s veloz del recorrido por las calles c\u00e9ntricas de Tres Arroyos fue Gustavo Fern\u00e1ndez con un tiempo de 30 minutos y 21 segundos y fue escoltado por Miguel \u00c1ngel Guerra de 25 de Mayo y tercero se ubic\u00f3 el atleta local Ulises Sanguinetti.<\/p>\n<p>&nbsp;<\/p>\n<p>La carrera a beneficio del Hospital Pirovano cont\u00f3 con 237 atletas y entre las Damas consagr\u00f3 a Cecilia Fern\u00e1ndez quien alcanz\u00f3 la marca de 34:58. Segunda finaliz\u00f3 Luj\u00e1n Urrutia y tercera la tresarroyense Bel\u00e9n Iardino.<\/p>\n<p>&nbsp;<\/p>\n<p>\u201cFeliz por haber ganado\u201d<\/p>\n<p>Gustavo Fern\u00e1ndez con 34 a\u00f1os, obtuvo el primer puesto en los 10 kil\u00f3metros. En di\u00e1logo con este diario, manifest\u00f3 que \u201c<em>estoy muy contento por el resultado y el triunfo, ya estamos en competencia como antes. Recuerdo que con la pandemia no se pod\u00edan hacer eventos ni salir a correr y se hizo complejo. Feliz por haber ganado<\/em>\u201d.<\/p>\n<p>&nbsp;<\/p>\n<p>Antes de llegar al kil\u00f3metro 8, aument\u00f3 un poco el ritmo. \u201c<em>La verdad que los corredores que ten\u00eda al lado, son muy fuertes. Hice una peque\u00f1a diferencia y con eso me pude escapar y mantenerme hasta el final. El circuito me encant\u00f3. Eso le da espect\u00e1culo al p\u00fablico y pasar por aqu\u00ed en esta competencia fue sumamente positivo. Corro desde los 10 a\u00f1os y a Ulises Sanguinetti lo conozco mucho. El atletismo siempre da revancha y es una sana competencia que es lo importante<\/em>\u201d, agreg\u00f3.<\/p>\n<p>&nbsp;<\/p>\n<p>\u201cLo importante fue disfrutar\u201d<\/p>\n<p>Por su parte, Cecilia Fern\u00e1ndez gan\u00f3 la competencia de 10 kil\u00f3metros en damas: \u201c<em>La verdad que vengo de correr en Olavarr\u00eda que fue mi prioridad preparar los 21 K all\u00ed. Nos enteramos de esta carrera y en la semana tratamos de recuperarnos y nos anotamos. Lo importante fue disfrutar y poder participar de esta linda jornada. Me sent\u00ed mejor de lo que esperaba, se ve que ten\u00eda un buen resto. Cada vez que hay una carrera a beneficio, es importante estar. Sea donde sea, uno tambi\u00e9n tiene que aportar su granito de arena. Todo se dio de maravillas, el aliento del p\u00fablico y el recorrido fue muy bueno. El p\u00fablico se hizo sentir. Fue una verdadera fiesta<\/em>\u201d.<\/p>\n","protected":false},"excerpt":{"rendered":"<p>Con casi 370 atletas distribuidos en las distintas categor\u00edas (10K, 5K, caminantes y pruebas infantiles), en horas del mediod\u00eda del<\/p>\n","protected":false},"author":96739694,"featured_media":147902,"comment_status":"closed","ping_status":"closed","sticky":false,"template":"","format":"standard","meta":{"_jetpack_memberships_contains_paid_content":false,"footnotes":""},"categories":[38,1],"tags":[],"class_list":["post-147901","post","type-post","status-publish","format-standard","has-post-thumbnail","hentry","category-pedestrismo","category-portada"],"jetpack_featured_media_url":"https:\/\/i0.wp.com\/cdnoticias.com\/wp-content\/uploads\/2022\/05\/lvp.03218cf3-ceb3-4268-914b-5f83892c148a-e1652137798456.jpg?fit=1016%2C547&ssl=1","jetpack_sharing_enabled":true,"_links":{"self":[{"href":"https:\/\/cdnoticias.com\/index.php\/wp-json\/wp\/v2\/posts\/147901","targetHints":{"allow":["GET"]}}],"collection":[{"href":"https:\/\/cdnoticias.com\/index.php\/wp-json\/wp\/v2\/posts"}],"about":[{"href":"https:\/\/cdnoticias.com\/index.php\/wp-json\/wp\/v2\/types\/post"}],"author":[{"embeddable":true,"href":"https:\/\/cdnoticias.com\/index.php\/wp-json\/wp\/v2\/users\/96739694"}],"replies":[{"embeddable":true,"href":"https:\/\/cdnoticias.com\/index.php\/wp-json\/wp\/v2\/comments?post=147901"}],"version-history":[{"count":0,"href":"https:\/\/cdnoticias.com\/index.php\/wp-json\/wp\/v2\/posts\/147901\/revisions"}],"wp:featuredmedia":[{"embeddable":true,"href":"https:\/\/cdnoticias.com\/index.php\/wp-json\/wp\/v2\/media\/147902"}],"wp:attachment":[{"href":"https:\/\/cdnoticias.com\/index.php\/wp-json\/wp\/v2\/media?parent=147901"}],"wp:term":[{"taxonomy":"category","embeddable":true,"href":"https:\/\/cdnoticias.com\/index.php\/wp-json\/wp\/v2\/categories?post=147901"},{"taxonomy":"post_tag","embeddable":true,"href":"https:\/\/cdnoticias.com\/index.php\/wp-json\/wp\/v2\/tags?post=147901"}],"curies":[{"name":"wp","href":"https:\/\/api.w.org\/{rel}","templated":true}]}}