{"id":147897,"date":"2022-05-09T21:31:27","date_gmt":"2022-05-10T00:31:27","guid":{"rendered":"http:\/\/centraldeportes.com.ar\/?p=15942"},"modified":"2022-05-09T21:31:27","modified_gmt":"2022-05-10T00:31:27","slug":"gol-de-janson-en-la-despedida-de-velez-de-la-copa-de-la-liga","status":"publish","type":"post","link":"https:\/\/cdnoticias.com\/index.php\/2022\/05\/09\/gol-de-janson-en-la-despedida-de-velez-de-la-copa-de-la-liga\/","title":{"rendered":"Gol de Janson en la despedida de V\u00e9lez de la \u201cCopa de la Liga\u201d"},"content":{"rendered":"<p>V\u00e9lez le gan\u00f3 merecidamente a Col\u00f3n por 2 a 1 en la \u00faltima fecha de la fase regular de la Copa de la Liga y cerr\u00f3 la competencia con una victoria. Lucas Janson marc\u00f3 uno de los goles.<!--more--><\/p>\n<hr \/>\n<p>El equipo tuvo momentos de buen juego y fue incisivo a la hora de atacar, pero sufri\u00f3 los embates sabaleros pero por la fecha 14 de la Copa de la Liga sum\u00f3 un nuevo triunfo. Abiel Osorio a los 5\u00b4 y Lucas Janson a los 74\u00b4 marcaron los goles para el \u201cFort\u00edn\u201d, mientras que la igualdad transitoria hab\u00eda sido de Ram\u00f3n \u00c1bila a los 65\u00b4.<\/p>\n<p>&nbsp;<\/p>\n<p>En Santa Fe, el olavarriense que fue titular y fue elegido como la figura del encuentro marc\u00f3 el gol del triunfo con un remate cruzado.<\/p>\n<p>&nbsp;<\/p>\n","protected":false},"excerpt":{"rendered":"<p>V\u00e9lez le gan\u00f3 merecidamente a Col\u00f3n por 2 a 1 en la \u00faltima fecha de la fase regular de la<\/p>\n","protected":false},"author":96739694,"featured_media":147899,"comment_status":"closed","ping_status":"closed","sticky":false,"template":"","format":"standard","meta":{"_jetpack_memberships_contains_paid_content":false,"footnotes":""},"categories":[35,37,1],"tags":[],"class_list":["post-147897","post","type-post","status-publish","format-standard","has-post-thumbnail","hentry","category-futbol","category-futbol-profesional","category-portada"],"jetpack_featured_media_url":"https:\/\/i0.wp.com\/cdnoticias.com\/wp-content\/uploads\/2022\/05\/WhatsApp-Image-2022-05-09-at-9.03.48-PM.jpeg?fit=1280%2C852&ssl=1","jetpack_sharing_enabled":true,"_links":{"self":[{"href":"https:\/\/cdnoticias.com\/index.php\/wp-json\/wp\/v2\/posts\/147897","targetHints":{"allow":["GET"]}}],"collection":[{"href":"https:\/\/cdnoticias.com\/index.php\/wp-json\/wp\/v2\/posts"}],"about":[{"href":"https:\/\/cdnoticias.com\/index.php\/wp-json\/wp\/v2\/types\/post"}],"author":[{"embeddable":true,"href":"https:\/\/cdnoticias.com\/index.php\/wp-json\/wp\/v2\/users\/96739694"}],"replies":[{"embeddable":true,"href":"https:\/\/cdnoticias.com\/index.php\/wp-json\/wp\/v2\/comments?post=147897"}],"version-history":[{"count":0,"href":"https:\/\/cdnoticias.com\/index.php\/wp-json\/wp\/v2\/posts\/147897\/revisions"}],"wp:featuredmedia":[{"embeddable":true,"href":"https:\/\/cdnoticias.com\/index.php\/wp-json\/wp\/v2\/media\/147899"}],"wp:attachment":[{"href":"https:\/\/cdnoticias.com\/index.php\/wp-json\/wp\/v2\/media?parent=147897"}],"wp:term":[{"taxonomy":"category","embeddable":true,"href":"https:\/\/cdnoticias.com\/index.php\/wp-json\/wp\/v2\/categories?post=147897"},{"taxonomy":"post_tag","embeddable":true,"href":"https:\/\/cdnoticias.com\/index.php\/wp-json\/wp\/v2\/tags?post=147897"}],"curies":[{"name":"wp","href":"https:\/\/api.w.org\/{rel}","templated":true}]}}