{"id":14789,"date":"2021-02-26T16:40:40","date_gmt":"2021-02-26T19:40:40","guid":{"rendered":"http:\/\/www.centraldenoticias.com.ar\/?p=14789"},"modified":"2021-02-26T18:44:51","modified_gmt":"2021-02-26T21:44:51","slug":"estudiantes-locales-visitaron-el-museo-sitio-de-la-memoria-en-buenos-aires","status":"publish","type":"post","link":"https:\/\/cdnoticias.com\/index.php\/2021\/02\/26\/estudiantes-locales-visitaron-el-museo-sitio-de-la-memoria-en-buenos-aires\/","title":{"rendered":"Estudiantes locales visitaron el Museo Sitio de la Memoria en Buenos Aires"},"content":{"rendered":"<p>Se trata de alumnos que tuvieron un rol destacado en un concurso provincial realizado desde la subsecretar\u00eda de Derechos Humanos bonaerense.<!--more--><\/p>\n<hr \/>\n<p>Sobre el cierre de la madrugada de este viernes <strong>un contingente de estudiantes, docentes y funcionarios de nuestra ciudad parti\u00f3 desde la plaza Coronel Olavarr\u00eda con destino hacia la Capital Federal, m\u00e1s precisamente al Museo Sitio de Memoria<\/strong> que se encuentra emplazado en la ex Escuela Mec\u00e1nica de la Armada, lugar donde funcion\u00f3 un centro clandestino de detenci\u00f3n durante la \u00faltima dictadura c\u00edvico militar.<\/p>\n<p>&nbsp;<\/p>\n<p><img data-recalc-dims=\"1\" loading=\"lazy\" decoding=\"async\" class=\"alignnone size-large wp-image-14793\" src=\"https:\/\/i0.wp.com\/cdnoticias.com\/wp-content\/uploads\/2021\/02\/ESMA02.jpg?resize=800%2C364&#038;ssl=1\" alt=\"\" width=\"800\" height=\"364\" srcset=\"https:\/\/i0.wp.com\/cdnoticias.com\/wp-content\/uploads\/2021\/02\/ESMA02.jpg?resize=1024%2C466&amp;ssl=1 1024w, https:\/\/i0.wp.com\/cdnoticias.com\/wp-content\/uploads\/2021\/02\/ESMA02.jpg?resize=300%2C137&amp;ssl=1 300w, https:\/\/i0.wp.com\/cdnoticias.com\/wp-content\/uploads\/2021\/02\/ESMA02.jpg?resize=768%2C350&amp;ssl=1 768w, https:\/\/i0.wp.com\/cdnoticias.com\/wp-content\/uploads\/2021\/02\/ESMA02.jpg?w=1252&amp;ssl=1 1252w\" sizes=\"auto, (max-width: 800px) 100vw, 800px\" \/><\/p>\n<p>&nbsp;<\/p>\n<p>Se trata de alumnos del Instituto Privado Nuestra Se\u00f1ora del Rosario y de la Escuela Secundaria 1 \u201cJorge Luis Borges\u201d, quienes tuvieron <a href=\"https:\/\/cdnoticias.com\/index.php\/2020\/11\/03\/alumnos-locales-distinguidos-en-un-concurso-provincial-de-memoria-y-derechos-humanos\/\" target=\"_blank\" rel=\"noopener\">una participaci\u00f3n destacada meses atr\u00e1s en el marco del Programa Provincial denominado Futuro Malvinas,<\/a> un concurso art\u00edstico cultural del que tomaron parte establecimientos educativos de toda la provincia, organizado desde la Subsecretar\u00eda de Derechos Humanos bonaerense, junto con el centro de ex combatientes de Islas Malvinas de La Plata.<\/p>\n<p>&nbsp;<\/p>\n<blockquote><p>Haciendo<a href=\"https:\/\/cdnoticias.com\/index.php\/2020\/11\/08\/futuro-malvinas-las-producciones-de-alumnos-locales-que-fueron-premiados-en-un-concurso-provincial\/\" target=\"_blank\" rel=\"noopener\"> click aqu\u00ed<\/a> podr\u00e1s ver las producciones ganadoras.<\/p><\/blockquote>\n<p>&nbsp;<\/p>\n<p><strong> Adem\u00e1s de estudiantes y personal docente, el contingente local fue liderado por la titular de la delegaci\u00f3n local en Derechos Humanos, Griselda Lemiez.<\/strong> Vale recodar que el viaje hab\u00eda sido pautado para el a\u00f1o pasado, pero debi\u00f3 postergarse debido a la pandemia.<\/p>\n<p>&nbsp;<\/p>\n<p><img data-recalc-dims=\"1\" loading=\"lazy\" decoding=\"async\" class=\"alignnone size-full wp-image-14794\" src=\"https:\/\/i0.wp.com\/cdnoticias.com\/wp-content\/uploads\/2021\/02\/ESMA01.jpg?resize=800%2C463&#038;ssl=1\" alt=\"\" width=\"800\" height=\"463\" srcset=\"https:\/\/i0.wp.com\/cdnoticias.com\/wp-content\/uploads\/2021\/02\/ESMA01.jpg?w=970&amp;ssl=1 970w, https:\/\/i0.wp.com\/cdnoticias.com\/wp-content\/uploads\/2021\/02\/ESMA01.jpg?resize=300%2C174&amp;ssl=1 300w, https:\/\/i0.wp.com\/cdnoticias.com\/wp-content\/uploads\/2021\/02\/ESMA01.jpg?resize=768%2C444&amp;ssl=1 768w\" sizes=\"auto, (max-width: 800px) 100vw, 800px\" \/><\/p>\n<p>&nbsp;<\/p>\n<p><strong>Recorrieron el Sitio de la Memoria, que se ubica donde funcion\u00f3 el ex Casino de Oficiales, adem\u00e1s la Casa por la Identidad de las Abuelas de Plaza de Mayo, en una visita guiada por nietos e hijos de personas desaparecidas<\/strong>. Pablo Moyano, un hijo de desaparecidos, fue precisamente quien cont\u00f3 su historia personal y los guio en ese tramo de la visita.<\/p>\n<p>&nbsp;<\/p>\n<p><img data-recalc-dims=\"1\" loading=\"lazy\" decoding=\"async\" class=\"alignnone size-large wp-image-14791\" src=\"https:\/\/i0.wp.com\/cdnoticias.com\/wp-content\/uploads\/2021\/02\/ESMA03.jpg?resize=800%2C470&#038;ssl=1\" alt=\"\" width=\"800\" height=\"470\" srcset=\"https:\/\/i0.wp.com\/cdnoticias.com\/wp-content\/uploads\/2021\/02\/ESMA03.jpg?resize=1024%2C601&amp;ssl=1 1024w, https:\/\/i0.wp.com\/cdnoticias.com\/wp-content\/uploads\/2021\/02\/ESMA03.jpg?resize=300%2C176&amp;ssl=1 300w, https:\/\/i0.wp.com\/cdnoticias.com\/wp-content\/uploads\/2021\/02\/ESMA03.jpg?resize=768%2C451&amp;ssl=1 768w, https:\/\/i0.wp.com\/cdnoticias.com\/wp-content\/uploads\/2021\/02\/ESMA03.jpg?w=1138&amp;ssl=1 1138w\" sizes=\"auto, (max-width: 800px) 100vw, 800px\" \/><\/p>\n<p>&nbsp;<\/p>\n<p>Tambi\u00e9n fueron parte de una proyecci\u00f3n de noticias y art\u00edculos period\u00edsticos de la \u00e9poca, adem\u00e1s de juicios por delitos de lesa humanidad. <strong>Quien tambi\u00e9n tom\u00f3 parte activa de la jornada fue Mat\u00edas Moreno<\/strong>, secretario de Derechos Humanos de la provincia de Buenos Aires e hijo del <a href=\"https:\/\/cdnoticias.com\/index.php\/2021\/02\/18\/homenaje-al-negro-moreno-aca-durante-la-dictadura-los-silencios-aturdian\/\" target=\"_blank\" rel=\"noopener\">abogado laboralista Carlos Alberto Moreno<\/a>, detenido desaparecido durante la dictadura militar.<\/p>\n","protected":false},"excerpt":{"rendered":"<p>Se trata de alumnos que tuvieron un rol destacado en un concurso provincial realizado desde la subsecretar\u00eda de Derechos Humanos<\/p>\n","protected":false},"author":3,"featured_media":14795,"comment_status":"closed","ping_status":"closed","sticky":false,"template":"","format":"standard","meta":{"_jetpack_memberships_contains_paid_content":false,"footnotes":""},"categories":[5],"tags":[],"class_list":["post-14789","post","type-post","status-publish","format-standard","has-post-thumbnail","hentry","category-informacion-general"],"jetpack_featured_media_url":"https:\/\/i0.wp.com\/cdnoticias.com\/wp-content\/uploads\/2021\/02\/ESMA.jpg?fit=800%2C445&ssl=1","jetpack_sharing_enabled":true,"_links":{"self":[{"href":"https:\/\/cdnoticias.com\/index.php\/wp-json\/wp\/v2\/posts\/14789","targetHints":{"allow":["GET"]}}],"collection":[{"href":"https:\/\/cdnoticias.com\/index.php\/wp-json\/wp\/v2\/posts"}],"about":[{"href":"https:\/\/cdnoticias.com\/index.php\/wp-json\/wp\/v2\/types\/post"}],"author":[{"embeddable":true,"href":"https:\/\/cdnoticias.com\/index.php\/wp-json\/wp\/v2\/users\/3"}],"replies":[{"embeddable":true,"href":"https:\/\/cdnoticias.com\/index.php\/wp-json\/wp\/v2\/comments?post=14789"}],"version-history":[{"count":0,"href":"https:\/\/cdnoticias.com\/index.php\/wp-json\/wp\/v2\/posts\/14789\/revisions"}],"wp:featuredmedia":[{"embeddable":true,"href":"https:\/\/cdnoticias.com\/index.php\/wp-json\/wp\/v2\/media\/14795"}],"wp:attachment":[{"href":"https:\/\/cdnoticias.com\/index.php\/wp-json\/wp\/v2\/media?parent=14789"}],"wp:term":[{"taxonomy":"category","embeddable":true,"href":"https:\/\/cdnoticias.com\/index.php\/wp-json\/wp\/v2\/categories?post=14789"},{"taxonomy":"post_tag","embeddable":true,"href":"https:\/\/cdnoticias.com\/index.php\/wp-json\/wp\/v2\/tags?post=14789"}],"curies":[{"name":"wp","href":"https:\/\/api.w.org\/{rel}","templated":true}]}}