{"id":14786,"date":"2021-02-26T16:02:59","date_gmt":"2021-02-26T19:02:59","guid":{"rendered":"http:\/\/www.centraldenoticias.com.ar\/?p=14786"},"modified":"2021-04-28T08:17:27","modified_gmt":"2021-04-28T11:17:27","slug":"los-bares-y-restaurantes-podran-funcionar-hasta-las-5-de-la-madrugada","status":"publish","type":"post","link":"https:\/\/cdnoticias.com\/index.php\/2021\/02\/26\/los-bares-y-restaurantes-podran-funcionar-hasta-las-5-de-la-madrugada\/","title":{"rendered":"Los bares y restaurantes podr\u00e1n funcionar hasta las 5 de la madrugada"},"content":{"rendered":"<p>La novedad fue anunciada desde el municipio. A inicios de semana el gobierno de la Provincia de Buenos hab\u00eda eliminado las restricciones horarias, por lo que solo restaba conocer qu\u00e9 medida iba a disponer cada distrito en particular.<!--more--><\/p>\n<hr \/>\n<p>El \u00faltimo martes, en una conferencia de prensa que fue seguida de cerca por la pol\u00e9mica de la vacunaci\u00f3n VIP, el gobierno de la Provincia de Buenos Aires realiz\u00f3 un anuncio que era\u00a0 esperado por varios sectores, principalmente el comercial. Se trat\u00f3 de<a href=\"https:\/\/cdnoticias.com\/index.php\/2021\/02\/23\/el-gobierno-de-la-provincia-elimino-las-restricciones-horarias-nocturnas\/\" target=\"_blank\" rel=\"noopener\"> la eliminaci\u00f3n de las restricciones horarias, debido a la mejora de la situaci\u00f3n sanitaria, seg\u00fan se argument\u00f3<\/a>. Fue el jefe de gabinete bonaerense, Carlos Bianco, quien explic\u00f3 que <strong>\u201clas que van a seguir vigentes son las que mantienen cada uno de los municipios\u201d<\/strong>, por lo que restaba conocer que postura se adopta desde nuestra ciudad.<\/p>\n<p>&nbsp;<\/p>\n<p><img data-recalc-dims=\"1\" loading=\"lazy\" decoding=\"async\" class=\"alignnone size-large wp-image-14525\" src=\"https:\/\/i0.wp.com\/cdnoticias.com\/wp-content\/uploads\/2021\/02\/Kicillof-conferencia-de-prensa-Necochea-1-1068x711.jpg?resize=800%2C533&#038;ssl=1\" alt=\"\" width=\"800\" height=\"533\" srcset=\"https:\/\/i0.wp.com\/cdnoticias.com\/wp-content\/uploads\/2021\/02\/Kicillof-conferencia-de-prensa-Necochea-1-1068x711.jpg?resize=1024%2C682&amp;ssl=1 1024w, https:\/\/i0.wp.com\/cdnoticias.com\/wp-content\/uploads\/2021\/02\/Kicillof-conferencia-de-prensa-Necochea-1-1068x711.jpg?resize=300%2C200&amp;ssl=1 300w, https:\/\/i0.wp.com\/cdnoticias.com\/wp-content\/uploads\/2021\/02\/Kicillof-conferencia-de-prensa-Necochea-1-1068x711.jpg?resize=768%2C511&amp;ssl=1 768w, https:\/\/i0.wp.com\/cdnoticias.com\/wp-content\/uploads\/2021\/02\/Kicillof-conferencia-de-prensa-Necochea-1-1068x711.jpg?resize=272%2C182&amp;ssl=1 272w, https:\/\/i0.wp.com\/cdnoticias.com\/wp-content\/uploads\/2021\/02\/Kicillof-conferencia-de-prensa-Necochea-1-1068x711.jpg?resize=1068%2C711&amp;ssl=1 1068w\" sizes=\"auto, (max-width: 800px) 100vw, 800px\" \/><\/p>\n<p>&nbsp;<\/p>\n<p>Las precisiones llegaron con la jornada de este viernes. Durante la ma\u00f1ana<strong> funcionarios municipales mantuvieron una reuni\u00f3n en el Sal\u00f3n Blanco del palacio municipal con responsables de locales gastron\u00f3micos donde se inform\u00f3 la extensi\u00f3n de la Emergencia Sanitaria hasta el 15 de marzo inclusive.<\/strong><\/p>\n<p>&nbsp;<\/p>\n<p>De ese encuentro tomaron parte el Secretario de Gobierno Hilario Galli, el Secretario de Salud Germ\u00e1n Caputo, el Secretario de Desarrollo Econ\u00f3mico Julio Valetutto, el Subsecretario de Legal y T\u00e9cnica Marcelo Fabbi y el Subsecretario de Seguridad Daniel Borra.<strong> Los funcionarios explicaron a los titulares de los bares y restaurantes que en el Decreto N\u00b0 745\/21 se establece que el horario de atenci\u00f3n en los locales se ampliar\u00e1 hasta las 5 horas.<\/strong><\/p>\n<p>&nbsp;<\/p>\n<p><img data-recalc-dims=\"1\" loading=\"lazy\" decoding=\"async\" class=\"alignnone size-large wp-image-2751\" src=\"https:\/\/i0.wp.com\/cdnoticias.com\/wp-content\/uploads\/2020\/09\/Hilario-Galli.jpg?resize=800%2C534&#038;ssl=1\" alt=\"\" width=\"800\" height=\"534\" srcset=\"https:\/\/i0.wp.com\/cdnoticias.com\/wp-content\/uploads\/2020\/09\/Hilario-Galli.jpg?resize=1024%2C683&amp;ssl=1 1024w, https:\/\/i0.wp.com\/cdnoticias.com\/wp-content\/uploads\/2020\/09\/Hilario-Galli.jpg?resize=300%2C200&amp;ssl=1 300w, https:\/\/i0.wp.com\/cdnoticias.com\/wp-content\/uploads\/2020\/09\/Hilario-Galli.jpg?resize=768%2C512&amp;ssl=1 768w, https:\/\/i0.wp.com\/cdnoticias.com\/wp-content\/uploads\/2020\/09\/Hilario-Galli.jpg?resize=272%2C182&amp;ssl=1 272w, https:\/\/i0.wp.com\/cdnoticias.com\/wp-content\/uploads\/2020\/09\/Hilario-Galli.jpg?w=1968&amp;ssl=1 1968w, https:\/\/i0.wp.com\/cdnoticias.com\/wp-content\/uploads\/2020\/09\/Hilario-Galli.jpg?w=1600&amp;ssl=1 1600w\" sizes=\"auto, (max-width: 800px) 100vw, 800px\" \/><\/p>\n<p>&nbsp;<\/p>\n<p>Asimismo, los representantes del Gobierno Municipal indicaron que los <strong>locales gastron\u00f3micos en lugares cerrados podr\u00e1n funcionar con un aforo del 50% de su capacidad y deber\u00e1 cumplirse de manera estricta, la letra del protocolo<\/strong> emitido por el Ministerio de Producci\u00f3n, Ciencia e Innovaci\u00f3n Tecnol\u00f3gica de la Provincia de Buenos Aires que como ANEXO I forma parte del Decreto N\u00ba 2140\/20.<\/p>\n<p>&nbsp;<\/p>\n<p>Al respecto, el Secretario de Gobierno Hilario Galli indic\u00f3: \u201cpara la extensi\u00f3n de la Emergencia Sanitaria hasta el 15 de marzo hemos seguido las recomendaciones que nos hace permanentemente nuestro equipo de salud\u201d. <strong>\u201cEn el d\u00eda de hoy recibimos la resoluci\u00f3n del gobierno provincial y decidimos ampliar el horario de los bares y restaurantes. Es importante comunicar a la poblaci\u00f3n que estas ampliaciones siempre est\u00e1n sujetas a modificaciones por la situaci\u00f3n epidemiol\u00f3gica del Partido<\/strong>\u201d, concluy\u00f3.<\/p>\n","protected":false},"excerpt":{"rendered":"<p>La novedad fue anunciada desde el municipio. A inicios de semana el gobierno de la Provincia de Buenos hab\u00eda eliminado<\/p>\n","protected":false},"author":3,"featured_media":14787,"comment_status":"closed","ping_status":"closed","sticky":false,"template":"","format":"standard","meta":{"_jetpack_memberships_contains_paid_content":false,"footnotes":""},"categories":[5,1],"tags":[],"class_list":["post-14786","post","type-post","status-publish","format-standard","has-post-thumbnail","hentry","category-informacion-general","category-portada"],"jetpack_featured_media_url":"https:\/\/i0.wp.com\/cdnoticias.com\/wp-content\/uploads\/2021\/02\/Reunion-bares1-1024x561.jpg?fit=1024%2C561&ssl=1","jetpack_sharing_enabled":true,"_links":{"self":[{"href":"https:\/\/cdnoticias.com\/index.php\/wp-json\/wp\/v2\/posts\/14786","targetHints":{"allow":["GET"]}}],"collection":[{"href":"https:\/\/cdnoticias.com\/index.php\/wp-json\/wp\/v2\/posts"}],"about":[{"href":"https:\/\/cdnoticias.com\/index.php\/wp-json\/wp\/v2\/types\/post"}],"author":[{"embeddable":true,"href":"https:\/\/cdnoticias.com\/index.php\/wp-json\/wp\/v2\/users\/3"}],"replies":[{"embeddable":true,"href":"https:\/\/cdnoticias.com\/index.php\/wp-json\/wp\/v2\/comments?post=14786"}],"version-history":[{"count":0,"href":"https:\/\/cdnoticias.com\/index.php\/wp-json\/wp\/v2\/posts\/14786\/revisions"}],"wp:featuredmedia":[{"embeddable":true,"href":"https:\/\/cdnoticias.com\/index.php\/wp-json\/wp\/v2\/media\/14787"}],"wp:attachment":[{"href":"https:\/\/cdnoticias.com\/index.php\/wp-json\/wp\/v2\/media?parent=14786"}],"wp:term":[{"taxonomy":"category","embeddable":true,"href":"https:\/\/cdnoticias.com\/index.php\/wp-json\/wp\/v2\/categories?post=14786"},{"taxonomy":"post_tag","embeddable":true,"href":"https:\/\/cdnoticias.com\/index.php\/wp-json\/wp\/v2\/tags?post=14786"}],"curies":[{"name":"wp","href":"https:\/\/api.w.org\/{rel}","templated":true}]}}