{"id":147854,"date":"2022-05-06T17:23:41","date_gmt":"2022-05-06T20:23:41","guid":{"rendered":"http:\/\/centraldeportes.com.ar\/?p=15715"},"modified":"2022-05-06T17:23:41","modified_gmt":"2022-05-06T20:23:41","slug":"rivales-confirmados-para-los-olavarrienses-en-el-torneo-pampeano","status":"publish","type":"post","link":"https:\/\/cdnoticias.com\/index.php\/2022\/05\/06\/rivales-confirmados-para-los-olavarrienses-en-el-torneo-pampeano\/","title":{"rendered":"Rivales confirmados para los olavarrienses en el Torneo Pampeano"},"content":{"rendered":"<p>Ferro recibir\u00e1 a Argentinos y Embajadores, ser\u00e1 visitante de Plaza Espa\u00f1a en la continuidad del Torneo Regional organizado por la Federaci\u00f3n Bonaerense Pampeana y que otorga plazas al Torneo Regional Amateur que dar\u00e1 comienzo en septiembre venidero.<!--more--><\/p>\n<hr \/>\n<p>Los cotejos de ida para los <a href=\"http:\/\/centraldeportes.com.ar\/ferro-con-goleada-y-embajadores-por-penales-clasificaron-en-torneo-regional-de-la-federacion\/\">dos equipos olavarrienses<\/a> en principio est\u00e1n previstos para el pr\u00f3ximo mi\u00e9rcoles y el \u201cCarbonero\u201d, luego de golear, iniciar\u00e1 la serie en el Domingo Colasurdo ante Argentinos para definir la clasificaci\u00f3n 6 d\u00edas despu\u00e9s en 25 de Mayo.<\/p>\n<p>&nbsp;<\/p>\n<p>Por otro lado, Embajadores que clasific\u00f3 luego de vencer en los penales, iniciar\u00e1 la llave en condici\u00f3n de visitante ante Plaza Espa\u00f1a y luego recibir\u00e1 al equipo de 25 de Mayo en el Clemente Di Carlo.<\/p>\n","protected":false},"excerpt":{"rendered":"<p>Ferro recibir\u00e1 a Argentinos y Embajadores, ser\u00e1 visitante de Plaza Espa\u00f1a en la continuidad del Torneo Regional organizado por la<\/p>\n","protected":false},"author":96739694,"featured_media":147780,"comment_status":"closed","ping_status":"closed","sticky":false,"template":"","format":"standard","meta":{"_jetpack_memberships_contains_paid_content":false,"footnotes":""},"categories":[35,1,54],"tags":[],"class_list":["post-147854","post","type-post","status-publish","format-standard","has-post-thumbnail","hentry","category-futbol","category-portada","category-torneo-regional-amateur"],"jetpack_featured_media_url":"https:\/\/i0.wp.com\/cdnoticias.com\/wp-content\/uploads\/2022\/05\/ceo_2.jpg?fit=1280%2C853&ssl=1","jetpack_sharing_enabled":true,"_links":{"self":[{"href":"https:\/\/cdnoticias.com\/index.php\/wp-json\/wp\/v2\/posts\/147854","targetHints":{"allow":["GET"]}}],"collection":[{"href":"https:\/\/cdnoticias.com\/index.php\/wp-json\/wp\/v2\/posts"}],"about":[{"href":"https:\/\/cdnoticias.com\/index.php\/wp-json\/wp\/v2\/types\/post"}],"author":[{"embeddable":true,"href":"https:\/\/cdnoticias.com\/index.php\/wp-json\/wp\/v2\/users\/96739694"}],"replies":[{"embeddable":true,"href":"https:\/\/cdnoticias.com\/index.php\/wp-json\/wp\/v2\/comments?post=147854"}],"version-history":[{"count":0,"href":"https:\/\/cdnoticias.com\/index.php\/wp-json\/wp\/v2\/posts\/147854\/revisions"}],"wp:featuredmedia":[{"embeddable":true,"href":"https:\/\/cdnoticias.com\/index.php\/wp-json\/wp\/v2\/media\/147780"}],"wp:attachment":[{"href":"https:\/\/cdnoticias.com\/index.php\/wp-json\/wp\/v2\/media?parent=147854"}],"wp:term":[{"taxonomy":"category","embeddable":true,"href":"https:\/\/cdnoticias.com\/index.php\/wp-json\/wp\/v2\/categories?post=147854"},{"taxonomy":"post_tag","embeddable":true,"href":"https:\/\/cdnoticias.com\/index.php\/wp-json\/wp\/v2\/tags?post=147854"}],"curies":[{"name":"wp","href":"https:\/\/api.w.org\/{rel}","templated":true}]}}