{"id":147847,"date":"2022-05-06T19:14:44","date_gmt":"2022-05-06T22:14:44","guid":{"rendered":"http:\/\/centraldeportes.com.ar\/?p=15727"},"modified":"2022-05-06T19:14:44","modified_gmt":"2022-05-06T22:14:44","slug":"hubo-tenis-en-azul-con-presencia-olavarriense","status":"publish","type":"post","link":"https:\/\/cdnoticias.com\/index.php\/2022\/05\/06\/hubo-tenis-en-azul-con-presencia-olavarriense\/","title":{"rendered":"Hubo tenis en Azul con presencia olavarriense"},"content":{"rendered":"<p>El pasado fin de semana, delegaciones de Estudiantes y El Fort\u00edn se presentaron en Azul en un Torneo Regional Promocional organizado por la Federaci\u00f3n de Clubes de Tenis del Centro.<!--more--><\/p>\n<hr \/>\n<p>En la primera fecha del Circuito Regional de la Regi\u00f3n del Centro que cuenta con el aval de la Federaci\u00f3n Internacional de Tenis, Estudiantes dijo presente con 9 jugadores y hubo buenos resultados para ellos que lograron tres subcampeonatos.<\/p>\n<p>&nbsp;<\/p>\n<p>Los \u201cBataraces\u201d que estuvieron presentes fueron: Juan Agust\u00edn Alem, Lautaro Alem, Federico Elstein, Pedro Laborde, Valent\u00edn Vitale, Juan Segundo Lezaeta, Agust\u00edn Vitale, Pedro Sarra y Facundo Wagner.<\/p>\n<p>&nbsp;<\/p>\n<p>Por su parte, El Fort\u00edn se present\u00f3 con 22 deportistas siendo la delegaci\u00f3n m\u00e1s numerosa en participar del evento que se llev\u00f3 a cabo en el Club de Remo de la vecina localidad.<\/p>\n","protected":false},"excerpt":{"rendered":"<p>El pasado fin de semana, delegaciones de Estudiantes y El Fort\u00edn se presentaron en Azul en un Torneo Regional Promocional<\/p>\n","protected":false},"author":96739694,"featured_media":147848,"comment_status":"closed","ping_status":"closed","sticky":false,"template":"","format":"standard","meta":{"_jetpack_memberships_contains_paid_content":false,"footnotes":""},"categories":[30,1],"tags":[],"class_list":["post-147847","post","type-post","status-publish","format-standard","has-post-thumbnail","hentry","category-polideportivo","category-portada"],"jetpack_featured_media_url":"https:\/\/i0.wp.com\/cdnoticias.com\/wp-content\/uploads\/2022\/05\/280067936_389413989860474_6834642779650484098_n.jpg?fit=960%2C718&ssl=1","jetpack_sharing_enabled":true,"_links":{"self":[{"href":"https:\/\/cdnoticias.com\/index.php\/wp-json\/wp\/v2\/posts\/147847","targetHints":{"allow":["GET"]}}],"collection":[{"href":"https:\/\/cdnoticias.com\/index.php\/wp-json\/wp\/v2\/posts"}],"about":[{"href":"https:\/\/cdnoticias.com\/index.php\/wp-json\/wp\/v2\/types\/post"}],"author":[{"embeddable":true,"href":"https:\/\/cdnoticias.com\/index.php\/wp-json\/wp\/v2\/users\/96739694"}],"replies":[{"embeddable":true,"href":"https:\/\/cdnoticias.com\/index.php\/wp-json\/wp\/v2\/comments?post=147847"}],"version-history":[{"count":0,"href":"https:\/\/cdnoticias.com\/index.php\/wp-json\/wp\/v2\/posts\/147847\/revisions"}],"wp:featuredmedia":[{"embeddable":true,"href":"https:\/\/cdnoticias.com\/index.php\/wp-json\/wp\/v2\/media\/147848"}],"wp:attachment":[{"href":"https:\/\/cdnoticias.com\/index.php\/wp-json\/wp\/v2\/media?parent=147847"}],"wp:term":[{"taxonomy":"category","embeddable":true,"href":"https:\/\/cdnoticias.com\/index.php\/wp-json\/wp\/v2\/categories?post=147847"},{"taxonomy":"post_tag","embeddable":true,"href":"https:\/\/cdnoticias.com\/index.php\/wp-json\/wp\/v2\/tags?post=147847"}],"curies":[{"name":"wp","href":"https:\/\/api.w.org\/{rel}","templated":true}]}}