{"id":147843,"date":"2022-05-07T01:49:24","date_gmt":"2022-05-07T04:49:24","guid":{"rendered":"http:\/\/centraldeportes.com.ar\/?p=15733"},"modified":"2022-05-07T01:49:24","modified_gmt":"2022-05-07T04:49:24","slug":"la-fecha-de-inferiores-empezo-en-el-nuevo-cesped-del-parque-guerrero","status":"publish","type":"post","link":"https:\/\/cdnoticias.com\/index.php\/2022\/05\/07\/la-fecha-de-inferiores-empezo-en-el-nuevo-cesped-del-parque-guerrero\/","title":{"rendered":"La fecha de Inferiores empez\u00f3 en el nuevo c\u00e9sped del Parque Guerrero"},"content":{"rendered":"<p>Estudiantes y Ferro abrieron la sexta fecha del Torneo Apertura organizado por la Liga de F\u00fatbol de Olavarr\u00eda en el resembrado Parque Guerrero.<!--more--><\/p>\n<hr \/>\n<p>En el estreno del nuevo pasto del estadio principal, la sexta fecha de Inferiores se abri\u00f3 esta tarde-noche de este viernes con dos duelos entre el &#8220;Bataraz&#8221; y Ferro en las dos categor\u00edas m\u00e1s peque\u00f1as.<\/p>\n<p>&nbsp;<\/p>\n<p>[soliloquy slug=&#8221;cae-ceo-inf&#8221;]<\/p>\n<p>&nbsp;<\/p>\n<p>Los resultados:<\/p>\n<p>En D\u00e9cima:<br \/>\nEstudiantes 2 \u2013 1 Ferro<\/p>\n<p>En Novena:<br \/>\nCAE 0 \u2013 0 Ferro<\/p>\n<p>La jornada proseguir\u00e1 con el grueso de los partidos en diferentes escenarios.<\/p>\n","protected":false},"excerpt":{"rendered":"<p>Estudiantes y Ferro abrieron la sexta fecha del Torneo Apertura organizado por la Liga de F\u00fatbol de Olavarr\u00eda en el<\/p>\n","protected":false},"author":96739694,"featured_media":147844,"comment_status":"closed","ping_status":"closed","sticky":false,"template":"","format":"standard","meta":{"_jetpack_memberships_contains_paid_content":false,"footnotes":""},"categories":[35,40,1],"tags":[],"class_list":["post-147843","post","type-post","status-publish","format-standard","has-post-thumbnail","hentry","category-futbol","category-inferiores","category-portada"],"jetpack_featured_media_url":"https:\/\/i0.wp.com\/cdnoticias.com\/wp-content\/uploads\/2022\/05\/cae-ceo-inferiores_10.jpg?fit=1280%2C853&ssl=1","jetpack_sharing_enabled":true,"_links":{"self":[{"href":"https:\/\/cdnoticias.com\/index.php\/wp-json\/wp\/v2\/posts\/147843","targetHints":{"allow":["GET"]}}],"collection":[{"href":"https:\/\/cdnoticias.com\/index.php\/wp-json\/wp\/v2\/posts"}],"about":[{"href":"https:\/\/cdnoticias.com\/index.php\/wp-json\/wp\/v2\/types\/post"}],"author":[{"embeddable":true,"href":"https:\/\/cdnoticias.com\/index.php\/wp-json\/wp\/v2\/users\/96739694"}],"replies":[{"embeddable":true,"href":"https:\/\/cdnoticias.com\/index.php\/wp-json\/wp\/v2\/comments?post=147843"}],"version-history":[{"count":0,"href":"https:\/\/cdnoticias.com\/index.php\/wp-json\/wp\/v2\/posts\/147843\/revisions"}],"wp:featuredmedia":[{"embeddable":true,"href":"https:\/\/cdnoticias.com\/index.php\/wp-json\/wp\/v2\/media\/147844"}],"wp:attachment":[{"href":"https:\/\/cdnoticias.com\/index.php\/wp-json\/wp\/v2\/media?parent=147843"}],"wp:term":[{"taxonomy":"category","embeddable":true,"href":"https:\/\/cdnoticias.com\/index.php\/wp-json\/wp\/v2\/categories?post=147843"},{"taxonomy":"post_tag","embeddable":true,"href":"https:\/\/cdnoticias.com\/index.php\/wp-json\/wp\/v2\/tags?post=147843"}],"curies":[{"name":"wp","href":"https:\/\/api.w.org\/{rel}","templated":true}]}}