{"id":147828,"date":"2022-05-07T23:31:14","date_gmt":"2022-05-08T02:31:14","guid":{"rendered":"http:\/\/centraldeportes.com.ar\/?p=15805"},"modified":"2022-05-07T23:31:14","modified_gmt":"2022-05-08T02:31:14","slug":"con-un-campeon-mundial-se-juega-la-liga-regional-del-centro","status":"publish","type":"post","link":"https:\/\/cdnoticias.com\/index.php\/2022\/05\/07\/con-un-campeon-mundial-se-juega-la-liga-regional-del-centro\/","title":{"rendered":"Con un campe\u00f3n mundial, se juega la Liga Regional del Centro"},"content":{"rendered":"<p>En la Sociedad de Fomento Mariano Moreno comenz\u00f3 a disputarse\u00a0 la segunda fecha de la Liga Regional del Centro y hasta la Ciudad lleg\u00f3 Juan Pablo Castet, campe\u00f3n mundial de tenis de mesa.<!--more--><\/p>\n<hr \/>\n<p>Organizado por la Asociaci\u00f3n de Tenis de Mesa de Olavarr\u00eda comenz\u00f3 este s\u00e1bado la segunda fecha de la Liga Regional del Centro.<\/p>\n<p>&nbsp;<\/p>\n<p>La actividad que comenz\u00f3 con participantes de Bol\u00edvar, Daireaux, La Madrid, Tandil, Balcarce y Mar Del Plata tambi\u00e9n cuenta con la presencia de Juan Pablo Castet, campe\u00f3n mundial de tenis de mesa con S\u00edndrome de Down que defender\u00e1 su t\u00edtulo en Rep\u00fablica Checa luego de consagrarse en 2018 y ser el \u00fanico deportista argentino en lograr la m\u00e1xima distinci\u00f3n dentro de la disciplina.<\/p>\n<p>&nbsp;<\/p>\n<p>[soliloquy slug=&#8221;tenis-mesa-2&#8243;]<\/p>\n<p>&nbsp;<\/p>\n<p>Durante la jornada sabatina compitieron Octava Categor\u00eda, S\u00e9ptima Categor\u00eda y Sexta Categor\u00eda, mientras que el domingo ser\u00e1 el turno para Quinta, Cuarta y Tercera.<\/p>\n","protected":false},"excerpt":{"rendered":"<p>En la Sociedad de Fomento Mariano Moreno comenz\u00f3 a disputarse\u00a0 la segunda fecha de la Liga Regional del Centro y<\/p>\n","protected":false},"author":96739694,"featured_media":147829,"comment_status":"closed","ping_status":"closed","sticky":false,"template":"","format":"standard","meta":{"_jetpack_memberships_contains_paid_content":false,"footnotes":""},"categories":[30,1],"tags":[],"class_list":["post-147828","post","type-post","status-publish","format-standard","has-post-thumbnail","hentry","category-polideportivo","category-portada"],"jetpack_featured_media_url":"https:\/\/i0.wp.com\/cdnoticias.com\/wp-content\/uploads\/2022\/05\/tenis-de-mesa_2.jpg?fit=1280%2C853&ssl=1","jetpack_sharing_enabled":true,"_links":{"self":[{"href":"https:\/\/cdnoticias.com\/index.php\/wp-json\/wp\/v2\/posts\/147828","targetHints":{"allow":["GET"]}}],"collection":[{"href":"https:\/\/cdnoticias.com\/index.php\/wp-json\/wp\/v2\/posts"}],"about":[{"href":"https:\/\/cdnoticias.com\/index.php\/wp-json\/wp\/v2\/types\/post"}],"author":[{"embeddable":true,"href":"https:\/\/cdnoticias.com\/index.php\/wp-json\/wp\/v2\/users\/96739694"}],"replies":[{"embeddable":true,"href":"https:\/\/cdnoticias.com\/index.php\/wp-json\/wp\/v2\/comments?post=147828"}],"version-history":[{"count":0,"href":"https:\/\/cdnoticias.com\/index.php\/wp-json\/wp\/v2\/posts\/147828\/revisions"}],"wp:featuredmedia":[{"embeddable":true,"href":"https:\/\/cdnoticias.com\/index.php\/wp-json\/wp\/v2\/media\/147829"}],"wp:attachment":[{"href":"https:\/\/cdnoticias.com\/index.php\/wp-json\/wp\/v2\/media?parent=147828"}],"wp:term":[{"taxonomy":"category","embeddable":true,"href":"https:\/\/cdnoticias.com\/index.php\/wp-json\/wp\/v2\/categories?post=147828"},{"taxonomy":"post_tag","embeddable":true,"href":"https:\/\/cdnoticias.com\/index.php\/wp-json\/wp\/v2\/tags?post=147828"}],"curies":[{"name":"wp","href":"https:\/\/api.w.org\/{rel}","templated":true}]}}