{"id":147809,"date":"2022-05-02T18:26:24","date_gmt":"2022-05-02T21:26:24","guid":{"rendered":"http:\/\/centraldeportes.com.ar\/?p=15570"},"modified":"2022-05-02T18:26:24","modified_gmt":"2022-05-02T21:26:24","slug":"jugadoras-de-estudiantes-en-la-preseleccion-de-provincia","status":"publish","type":"post","link":"https:\/\/cdnoticias.com\/index.php\/2022\/05\/02\/jugadoras-de-estudiantes-en-la-preseleccion-de-provincia\/","title":{"rendered":"Jugadoras de Estudiantes en la Preselecci\u00f3n de Provincia"},"content":{"rendered":"<p>Este domingo 1 de mayo, tres jugadoras de v\u00f3ley de Estudiantes estuvieron siendo parte de una observaci\u00f3n a cargo del staff de docentes de la Selecci\u00f3n de Provincia de Buenos Aires.<!--more--><\/p>\n<hr \/>\n<p>Carm\u00edn Fern\u00e1ndez, Yelena Merlos y Fiona Perera participaron en Bah\u00eda Blanca de las actividades de observaci\u00f3n del Seleccionado de la Provincia de Buenos Aires para armar el equipo que se presentar\u00e1 en el Campeonato Argentino de Selecciones.<\/p>\n<p>&nbsp;<\/p>\n<p>El evento ser\u00e1 del 25 al 28 de mayo en Chapadmalal y es organizado y fiscalizado por la Federaci\u00f3n Bonaerense de V\u00f3ley y la FEVA y las jugadoras preseleccionadas entrenaron a las \u00f3rdenes de H\u00e9ctor Gallardo y Ailen Gasperini.<\/p>\n<p>&nbsp;<\/p>\n<p>Paloma Routaboul debido a estar afectada en una concentraci\u00f3n con la Selecci\u00f3n Argentina, tambi\u00e9n integra este equipo.<\/p>\n","protected":false},"excerpt":{"rendered":"<p>Este domingo 1 de mayo, tres jugadoras de v\u00f3ley de Estudiantes estuvieron siendo parte de una observaci\u00f3n a cargo del<\/p>\n","protected":false},"author":96739694,"featured_media":147810,"comment_status":"closed","ping_status":"closed","sticky":false,"template":"","format":"standard","meta":{"_jetpack_memberships_contains_paid_content":false,"footnotes":""},"categories":[30,1],"tags":[],"class_list":["post-147809","post","type-post","status-publish","format-standard","has-post-thumbnail","hentry","category-polideportivo","category-portada"],"jetpack_featured_media_url":"https:\/\/i0.wp.com\/cdnoticias.com\/wp-content\/uploads\/2022\/05\/WhatsApp-Image-2022-05-02-at-6.06.14-PM-e1651526773702.jpeg?fit=956%2C614&ssl=1","jetpack_sharing_enabled":true,"_links":{"self":[{"href":"https:\/\/cdnoticias.com\/index.php\/wp-json\/wp\/v2\/posts\/147809","targetHints":{"allow":["GET"]}}],"collection":[{"href":"https:\/\/cdnoticias.com\/index.php\/wp-json\/wp\/v2\/posts"}],"about":[{"href":"https:\/\/cdnoticias.com\/index.php\/wp-json\/wp\/v2\/types\/post"}],"author":[{"embeddable":true,"href":"https:\/\/cdnoticias.com\/index.php\/wp-json\/wp\/v2\/users\/96739694"}],"replies":[{"embeddable":true,"href":"https:\/\/cdnoticias.com\/index.php\/wp-json\/wp\/v2\/comments?post=147809"}],"version-history":[{"count":0,"href":"https:\/\/cdnoticias.com\/index.php\/wp-json\/wp\/v2\/posts\/147809\/revisions"}],"wp:featuredmedia":[{"embeddable":true,"href":"https:\/\/cdnoticias.com\/index.php\/wp-json\/wp\/v2\/media\/147810"}],"wp:attachment":[{"href":"https:\/\/cdnoticias.com\/index.php\/wp-json\/wp\/v2\/media?parent=147809"}],"wp:term":[{"taxonomy":"category","embeddable":true,"href":"https:\/\/cdnoticias.com\/index.php\/wp-json\/wp\/v2\/categories?post=147809"},{"taxonomy":"post_tag","embeddable":true,"href":"https:\/\/cdnoticias.com\/index.php\/wp-json\/wp\/v2\/tags?post=147809"}],"curies":[{"name":"wp","href":"https:\/\/api.w.org\/{rel}","templated":true}]}}