{"id":147807,"date":"2022-05-02T21:32:43","date_gmt":"2022-05-03T00:32:43","guid":{"rendered":"http:\/\/centraldeportes.com.ar\/?p=15573"},"modified":"2022-05-02T21:32:43","modified_gmt":"2022-05-03T00:32:43","slug":"seis-patinadoras-albinegras-compiten-en-el-nacional-b","status":"publish","type":"post","link":"https:\/\/cdnoticias.com\/index.php\/2022\/05\/02\/seis-patinadoras-albinegras-compiten-en-el-nacional-b\/","title":{"rendered":"Seis patinadoras \u201calbinegras\u201d compiten en el Nacional \u2018B\u2019"},"content":{"rendered":"<p>Hasta San Luis llegaron representantes del Club Estudiantes que participar\u00e1n del Campeonato Nacional B que dio comienzo en la jornada de este lunes.<!--more--><\/p>\n<hr \/>\n<p>Fiorella \u00c1quilas, Giuliana \u00c1quilas, Morena Leira, Micaela Albertelli, Luna Maldonado y Macarena Z\u00e1rate quienes partieron hacia Villa Mercedes, San Luis con el fin de competir en el Campeonato Nacional Categor\u00eda B, al que lograron clasificar el pasado 8 de marzo en el Provincial realizado en Chivilcoy.<\/p>\n<p>&nbsp;<\/p>\n<p>Este domingo, hasta las \u00faltimas horas de la noche, realizaron una nueva cl\u00ednica comandada por quien ya las viene acompa\u00f1ando, Jezabel Pezzella, y ultimaron detalles para participar en esta importante competencia que comenzar\u00e1 este lunes y se estirar\u00e1 hasta la semana pr\u00f3xima.<\/p>\n<p>&nbsp;<\/p>\n","protected":false},"excerpt":{"rendered":"<p>Hasta San Luis llegaron representantes del Club Estudiantes que participar\u00e1n del Campeonato Nacional B que dio comienzo en la jornada<\/p>\n","protected":false},"author":96739694,"featured_media":147808,"comment_status":"closed","ping_status":"closed","sticky":false,"template":"","format":"standard","meta":{"_jetpack_memberships_contains_paid_content":false,"footnotes":""},"categories":[30,1],"tags":[],"class_list":["post-147807","post","type-post","status-publish","format-standard","has-post-thumbnail","hentry","category-polideportivo","category-portada"],"jetpack_featured_media_url":"https:\/\/i0.wp.com\/cdnoticias.com\/wp-content\/uploads\/2022\/05\/279430977_409859724478058_8261708701697627981_n.jpg?fit=526%2C316&ssl=1","jetpack_sharing_enabled":true,"_links":{"self":[{"href":"https:\/\/cdnoticias.com\/index.php\/wp-json\/wp\/v2\/posts\/147807","targetHints":{"allow":["GET"]}}],"collection":[{"href":"https:\/\/cdnoticias.com\/index.php\/wp-json\/wp\/v2\/posts"}],"about":[{"href":"https:\/\/cdnoticias.com\/index.php\/wp-json\/wp\/v2\/types\/post"}],"author":[{"embeddable":true,"href":"https:\/\/cdnoticias.com\/index.php\/wp-json\/wp\/v2\/users\/96739694"}],"replies":[{"embeddable":true,"href":"https:\/\/cdnoticias.com\/index.php\/wp-json\/wp\/v2\/comments?post=147807"}],"version-history":[{"count":0,"href":"https:\/\/cdnoticias.com\/index.php\/wp-json\/wp\/v2\/posts\/147807\/revisions"}],"wp:featuredmedia":[{"embeddable":true,"href":"https:\/\/cdnoticias.com\/index.php\/wp-json\/wp\/v2\/media\/147808"}],"wp:attachment":[{"href":"https:\/\/cdnoticias.com\/index.php\/wp-json\/wp\/v2\/media?parent=147807"}],"wp:term":[{"taxonomy":"category","embeddable":true,"href":"https:\/\/cdnoticias.com\/index.php\/wp-json\/wp\/v2\/categories?post=147807"},{"taxonomy":"post_tag","embeddable":true,"href":"https:\/\/cdnoticias.com\/index.php\/wp-json\/wp\/v2\/tags?post=147807"}],"curies":[{"name":"wp","href":"https:\/\/api.w.org\/{rel}","templated":true}]}}