{"id":147803,"date":"2022-05-03T15:19:41","date_gmt":"2022-05-03T18:19:41","guid":{"rendered":"http:\/\/centraldeportes.com.ar\/?p=15580"},"modified":"2022-05-03T15:19:41","modified_gmt":"2022-05-03T18:19:41","slug":"tercera-categoria-se-jugo-la-sexta-ronda-del-campeonato-oficial","status":"publish","type":"post","link":"https:\/\/cdnoticias.com\/index.php\/2022\/05\/03\/tercera-categoria-se-jugo-la-sexta-ronda-del-campeonato-oficial\/","title":{"rendered":"Tercera Categor\u00eda: se jug\u00f3 la Sexta Ronda del Campeonato Oficial"},"content":{"rendered":"<p>Se jug\u00f3 el jueves en instalaciones del Museo de las Ciencias la sexta jornada del Campeonato Oficial de Tercera Categor\u00eda, que organiza y fiscaliza la Escuela de Ajedrez de Olavarr\u00eda.<!--more--><\/p>\n<hr \/>\n<p>Augusto Ara\u00f1a qued\u00f3 al frente de las posiciones al imponerse a Paola Nievas. En tanto que Gustavo Bourgeois, Diego Marateo y Tomas Carmona\u00a0se ubican como escoltas a medio punto.<\/p>\n<p>&nbsp;<\/p>\n<p>El certamen se disputa por sistema suizo a nueve rondas a noventa minutos por jugador m\u00e1s treinta segundos por jugada.\u00a0\u00a0A su vez otorga cinco plazas para el certamen de segunda categor\u00eda.<\/p>\n<p>&nbsp;<\/p>\n<p>Con el arbitraje de Gustavo Arambel y Dar\u00edo Maidana se juega lunes y jueves, a partir de las 21:00 con una hora de tolerancia.<\/p>\n<p>&nbsp;<\/p>\n<p>La pr\u00f3xima fecha se llevar\u00e1 a cabo el lunes y tendr\u00e1 en la mesa uno a \u00a0Augusto Ara\u00f1a de negras ante Andr\u00e9s Stanek en la partida m\u00e1s destacada.<\/p>\n<p>&nbsp;<\/p>\n<p>Resultados 4\u00b0 Ronda:<\/p>\n<p>Bourgeois Gustavo \u00bd\u00a0 &#8211;\u00a0 \u00bd Marateo Diego<\/p>\n<p>Ara\u00f1a Augusto 1\u00a0 &#8211;\u00a0 0 Nievas Paola<\/p>\n<p>Stanek Andr\u00e9s &#8211;\u00a0 &#8211;\u00a0 + Carmona Tom\u00e1s<\/p>\n<p>Salom\u00f3n Esteban 1\u00a0 &#8211;\u00a0 0 Mart\u00ednez Luciano<\/p>\n<p>Entraigas Gustavo 1\u00a0 &#8211;\u00a0 0 Rodr\u00edguez Ram\u00f3n<\/p>\n<p>Gonz\u00e1lez Omar 0\u00a0 &#8211;\u00a0 1 Loza Jos\u00e9<\/p>\n<p>Kromberger Juan +\u00a0 &#8211;\u00a0 -Librizzi Facundo<\/p>\n<p>Finet Mar\u00eda Jos\u00e9 1\u00a0 &#8211;\u00a0 0 Masson Araceli<\/p>\n<p>Tescione Laureano 1\u00a0 &#8211;\u00a0 &#8211; Descanso<\/p>\n","protected":false},"excerpt":{"rendered":"<p>Se jug\u00f3 el jueves en instalaciones del Museo de las Ciencias la sexta jornada del Campeonato Oficial de Tercera Categor\u00eda,<\/p>\n","protected":false},"author":96739694,"featured_media":147804,"comment_status":"closed","ping_status":"closed","sticky":false,"template":"","format":"standard","meta":{"_jetpack_memberships_contains_paid_content":false,"footnotes":""},"categories":[30,1],"tags":[],"class_list":["post-147803","post","type-post","status-publish","format-standard","has-post-thumbnail","hentry","category-polideportivo","category-portada"],"jetpack_featured_media_url":"https:\/\/i0.wp.com\/cdnoticias.com\/wp-content\/uploads\/2022\/05\/Nievas-vs-Ara%C3%B1a.jpeg?fit=1600%2C1204&ssl=1","jetpack_sharing_enabled":true,"_links":{"self":[{"href":"https:\/\/cdnoticias.com\/index.php\/wp-json\/wp\/v2\/posts\/147803","targetHints":{"allow":["GET"]}}],"collection":[{"href":"https:\/\/cdnoticias.com\/index.php\/wp-json\/wp\/v2\/posts"}],"about":[{"href":"https:\/\/cdnoticias.com\/index.php\/wp-json\/wp\/v2\/types\/post"}],"author":[{"embeddable":true,"href":"https:\/\/cdnoticias.com\/index.php\/wp-json\/wp\/v2\/users\/96739694"}],"replies":[{"embeddable":true,"href":"https:\/\/cdnoticias.com\/index.php\/wp-json\/wp\/v2\/comments?post=147803"}],"version-history":[{"count":0,"href":"https:\/\/cdnoticias.com\/index.php\/wp-json\/wp\/v2\/posts\/147803\/revisions"}],"wp:featuredmedia":[{"embeddable":true,"href":"https:\/\/cdnoticias.com\/index.php\/wp-json\/wp\/v2\/media\/147804"}],"wp:attachment":[{"href":"https:\/\/cdnoticias.com\/index.php\/wp-json\/wp\/v2\/media?parent=147803"}],"wp:term":[{"taxonomy":"category","embeddable":true,"href":"https:\/\/cdnoticias.com\/index.php\/wp-json\/wp\/v2\/categories?post=147803"},{"taxonomy":"post_tag","embeddable":true,"href":"https:\/\/cdnoticias.com\/index.php\/wp-json\/wp\/v2\/tags?post=147803"}],"curies":[{"name":"wp","href":"https:\/\/api.w.org\/{rel}","templated":true}]}}