{"id":147747,"date":"2022-04-30T16:36:46","date_gmt":"2022-04-30T19:36:46","guid":{"rendered":"http:\/\/centraldeportes.com.ar\/?p=15432"},"modified":"2022-04-30T16:36:46","modified_gmt":"2022-04-30T19:36:46","slug":"agustin-vernice-participara-de-competencias-en-europa","status":"publish","type":"post","link":"https:\/\/cdnoticias.com\/index.php\/2022\/04\/30\/agustin-vernice-participara-de-competencias-en-europa\/","title":{"rendered":"Agust\u00edn Vernice participar\u00e1 de competencias en Europa"},"content":{"rendered":"<p>El palista olavarriense competir\u00e1 en Europa en dos competencias\u00a0 importantes que tendr\u00e1n lugar en Rep\u00fablica Checa y Polonia en las que defender\u00e1 los colores argentinos nuevamente.<!--more--><\/p>\n<hr \/>\n<p>Agust\u00edn Vernice parti\u00f3 en las \u00faltimas horas del viernes hacia Portugal, escala previa de dos competencias internacionales importantes que tendr\u00e1n lugar en Rep\u00fablica Checa y Polonia.<\/p>\n<p>&nbsp;<\/p>\n<p>En un vuelo largo con varias escalas, Vernice estar\u00e1 durante varios d\u00edas prepar\u00e1ndose en Montemor-o-Velho, Portugal junto al experimentado palista Fernando Pimenta.<\/p>\n<p>&nbsp;<\/p>\n<p>El \u201calbinegro\u201d tendr\u00e1 dos competencias internacionales seguidas, primero estar\u00e1 del 20 al 22 de mayo en Racice, Rep\u00fablica Checa para disputar la Copa Mundial de Sprint Canoas y luego se trasladar\u00e1 hacia Poznan, Polonia para competir en la segunda Copa Mundial de Sprint Canoas del 26 al 29.<\/p>\n<p>&nbsp;<\/p>\n<p>Ser\u00e1 un largo\u00a0 mes para Vernice, el cu\u00e1l ir\u00e1 buscando su lugar en los Juegos Ol\u00edmpicos de Par\u00eds 2024 el cu\u00e1l es su m\u00e1ximo objetivo al momento.<\/p>\n<p>&nbsp;<\/p>\n<p>Se estima que arribe a la Argentina el pr\u00f3ximo 2 de junio.<\/p>\n<p>&nbsp;<\/p>\n","protected":false},"excerpt":{"rendered":"<p>El palista olavarriense competir\u00e1 en Europa en dos competencias\u00a0 importantes que tendr\u00e1n lugar en Rep\u00fablica Checa y Polonia en las<\/p>\n","protected":false},"author":96739694,"featured_media":147748,"comment_status":"closed","ping_status":"closed","sticky":false,"template":"","format":"standard","meta":{"_jetpack_memberships_contains_paid_content":false,"footnotes":""},"categories":[30,1],"tags":[],"class_list":["post-147747","post","type-post","status-publish","format-standard","has-post-thumbnail","hentry","category-polideportivo","category-portada"],"jetpack_featured_media_url":"https:\/\/i0.wp.com\/cdnoticias.com\/wp-content\/uploads\/2022\/04\/111523.jpg?fit=800%2C420&ssl=1","jetpack_sharing_enabled":true,"_links":{"self":[{"href":"https:\/\/cdnoticias.com\/index.php\/wp-json\/wp\/v2\/posts\/147747","targetHints":{"allow":["GET"]}}],"collection":[{"href":"https:\/\/cdnoticias.com\/index.php\/wp-json\/wp\/v2\/posts"}],"about":[{"href":"https:\/\/cdnoticias.com\/index.php\/wp-json\/wp\/v2\/types\/post"}],"author":[{"embeddable":true,"href":"https:\/\/cdnoticias.com\/index.php\/wp-json\/wp\/v2\/users\/96739694"}],"replies":[{"embeddable":true,"href":"https:\/\/cdnoticias.com\/index.php\/wp-json\/wp\/v2\/comments?post=147747"}],"version-history":[{"count":0,"href":"https:\/\/cdnoticias.com\/index.php\/wp-json\/wp\/v2\/posts\/147747\/revisions"}],"wp:featuredmedia":[{"embeddable":true,"href":"https:\/\/cdnoticias.com\/index.php\/wp-json\/wp\/v2\/media\/147748"}],"wp:attachment":[{"href":"https:\/\/cdnoticias.com\/index.php\/wp-json\/wp\/v2\/media?parent=147747"}],"wp:term":[{"taxonomy":"category","embeddable":true,"href":"https:\/\/cdnoticias.com\/index.php\/wp-json\/wp\/v2\/categories?post=147747"},{"taxonomy":"post_tag","embeddable":true,"href":"https:\/\/cdnoticias.com\/index.php\/wp-json\/wp\/v2\/tags?post=147747"}],"curies":[{"name":"wp","href":"https:\/\/api.w.org\/{rel}","templated":true}]}}