{"id":147680,"date":"2022-04-28T15:00:43","date_gmt":"2022-04-28T18:00:43","guid":{"rendered":"http:\/\/centraldeportes.com.ar\/?p=15333"},"modified":"2022-04-28T15:00:43","modified_gmt":"2022-04-28T18:00:43","slug":"ultimos-dias-para-anotarse-en-la-vuelta-al-municipio","status":"publish","type":"post","link":"https:\/\/cdnoticias.com\/index.php\/2022\/04\/28\/ultimos-dias-para-anotarse-en-la-vuelta-al-municipio\/","title":{"rendered":"\u00daltimos d\u00edas para anotarse en la Vuelta al Municipio"},"content":{"rendered":"<p>Desde la Subsecretar\u00eda de Deportes y Recreaci\u00f3n de la Municipalidad de Olavarr\u00eda se record\u00f3 que quedan pocos d\u00edas para poder participar en las pruebas competitivas de la \u201cVuelta al Municipio\u201d, que volver\u00e1 a realizarse este domingo 1\u00b0 de Mayo. El \u00faltimo lunes fue presentada la camiseta oficial del evento, que ser\u00e1 entregada en el kit de la competencia a los primeros mil deportistas que se inscriban.<\/p>\n<p><!--more--><\/p>\n<hr \/>\n<p>Por ello se insiste en que aquellas personas que est\u00e9n interesadas en competir ya sea en la media marat\u00f3n, como en las tradicionales pruebas de 10 y 5 kil\u00f3metros tendr\u00e1n tiempo hasta el pr\u00f3ximo s\u00e1bado 30 a las 17. Para anotarse deber\u00e1n ingresar portal de gobierno abierto de la Municipalidad de Olavarr\u00eda, donde se podr\u00e1 acceder al formulario de inscripci\u00f3n. Podr\u00e1 participar toda persona mayor de 16 a\u00f1os (cumplidos al 6 de abril de 2022) que desee participar de la competencia.<\/p>\n<p>&nbsp;<\/p>\n<p>En ese sentido, se brind\u00f3 un detalle acerca de cada una de las categor\u00edas que ser\u00e1n parte del evento y que competir\u00e1n por importantes premios. En lo que refiere a la prueba de 21K, que ser\u00e1 la novedad en esta 33\u00b0 edici\u00f3n, la clasificaci\u00f3n se dividir\u00e1 entre damas y caballeros, con premios hasta la 5\u00b0 ubicaci\u00f3n.<\/p>\n<p>&nbsp;<\/p>\n<p>En cuanto a la prueba de 10K, adem\u00e1s de las categor\u00edas Damas y Caballeros, tambi\u00e9n se entregar\u00e1n premios a los mejores deportistas locales. A la par, tambi\u00e9n se realizar\u00e1 una clasificaci\u00f3n por edad, con su respectivo premio para los primeros puestos. Las categor\u00edas ser\u00e1n: 18 a 23, 24 a 29, 30 a 34, 35 a 39, 40 a 44, 45 a 49, 50 a 54, 55 a 59, 60 a 64, 65 a 69, 70 a 74 y m\u00e1s de 75 a\u00f1os.<\/p>\n<p>&nbsp;<\/p>\n<p>Por \u00faltimo, se a\u00f1adi\u00f3 que tambi\u00e9n estar\u00e1n las categor\u00edas y premios para personas con discapacidad, adem\u00e1s que se entregar\u00e1n trofeos a los mejores clasificados en la prueba de 5K.<\/p>\n<p>&nbsp;<\/p>\n<p>&nbsp;<\/p>\n<p><strong>Reuni\u00f3n organizativa<\/strong><\/p>\n<p>&nbsp;<\/p>\n<p>En la tarde del \u00faltimo martes el subsecretario de Deportes y Recreaci\u00f3n Juan Agust\u00edn Galli, el director de Gesti\u00f3n Deportiva Oscar Gonz\u00e1lez y el director de Deporte Social Fabricio Carreras compartieron una reuni\u00f3n con referentes de diversas \u00e1reas para ultimar detalles y cuestiones organizativas de cara al pr\u00f3ximo domingo.<\/p>\n<p>&nbsp;<\/p>\n<p>Particip\u00f3 Alejandro Luchini (uno de los organizadores del evento), representantes del CAVO (C\u00edrculo de Atletas Veteranos de Olavarr\u00eda), y del \u00e1rea de Salud y de Tr\u00e1nsito de la Municipalidad de Olavarr\u00eda.<\/p>\n","protected":false},"excerpt":{"rendered":"<p>Desde la Subsecretar\u00eda de Deportes y Recreaci\u00f3n de la Municipalidad de Olavarr\u00eda se record\u00f3 que quedan pocos d\u00edas para poder<\/p>\n","protected":false},"author":96739694,"featured_media":147681,"comment_status":"closed","ping_status":"closed","sticky":false,"template":"","format":"standard","meta":{"_jetpack_memberships_contains_paid_content":false,"footnotes":""},"categories":[38,1],"tags":[],"class_list":["post-147680","post","type-post","status-publish","format-standard","has-post-thumbnail","hentry","category-pedestrismo","category-portada"],"jetpack_featured_media_url":"https:\/\/i0.wp.com\/cdnoticias.com\/wp-content\/uploads\/2022\/04\/Deportes-Reunion-Vuelta-al-Municipio-1024x682.jpg?fit=1024%2C682&ssl=1","jetpack_sharing_enabled":true,"_links":{"self":[{"href":"https:\/\/cdnoticias.com\/index.php\/wp-json\/wp\/v2\/posts\/147680","targetHints":{"allow":["GET"]}}],"collection":[{"href":"https:\/\/cdnoticias.com\/index.php\/wp-json\/wp\/v2\/posts"}],"about":[{"href":"https:\/\/cdnoticias.com\/index.php\/wp-json\/wp\/v2\/types\/post"}],"author":[{"embeddable":true,"href":"https:\/\/cdnoticias.com\/index.php\/wp-json\/wp\/v2\/users\/96739694"}],"replies":[{"embeddable":true,"href":"https:\/\/cdnoticias.com\/index.php\/wp-json\/wp\/v2\/comments?post=147680"}],"version-history":[{"count":0,"href":"https:\/\/cdnoticias.com\/index.php\/wp-json\/wp\/v2\/posts\/147680\/revisions"}],"wp:featuredmedia":[{"embeddable":true,"href":"https:\/\/cdnoticias.com\/index.php\/wp-json\/wp\/v2\/media\/147681"}],"wp:attachment":[{"href":"https:\/\/cdnoticias.com\/index.php\/wp-json\/wp\/v2\/media?parent=147680"}],"wp:term":[{"taxonomy":"category","embeddable":true,"href":"https:\/\/cdnoticias.com\/index.php\/wp-json\/wp\/v2\/categories?post=147680"},{"taxonomy":"post_tag","embeddable":true,"href":"https:\/\/cdnoticias.com\/index.php\/wp-json\/wp\/v2\/tags?post=147680"}],"curies":[{"name":"wp","href":"https:\/\/api.w.org\/{rel}","templated":true}]}}