{"id":147653,"date":"2022-04-29T12:50:19","date_gmt":"2022-04-29T15:50:19","guid":{"rendered":"http:\/\/centraldeportes.com.ar\/?p=15358"},"modified":"2022-04-29T12:50:19","modified_gmt":"2022-04-29T15:50:19","slug":"oscar-gonzalez-la-vuelta-al-municipio-es-una-fiesta-del-deporte-olavarriense","status":"publish","type":"post","link":"https:\/\/cdnoticias.com\/index.php\/2022\/04\/29\/oscar-gonzalez-la-vuelta-al-municipio-es-una-fiesta-del-deporte-olavarriense\/","title":{"rendered":"Oscar Gonz\u00e1lez: \u201cLa Vuelta al Municipio es una fiesta del deporte olavarriense\u201d"},"content":{"rendered":"<p>Lo afirm\u00f3 el Director de Gesti\u00f3n Deportiva del Municipio a d\u00edas de que comience la tradicional prueba de pedestrismo en la ciudad.<!--more--><\/p>\n<hr \/>\n<p><strong>El pr\u00f3ximo domingo 1\u00b0 de mayo, se llevar\u00e1 a cabo la 33\u00b0 edici\u00f3n de la \u201cVuelta al Municipio\u201d en la ciudad<\/strong> <strong>de Olavarr\u00eda<\/strong>, un evento multitudinario en el que, adem\u00e1s de las pruebas sociales y competitivas (5 y 10 km.), <strong>tendr\u00e1 en su haber por primera vez la inclusi\u00f3n de la media marat\u00f3n (21 km.)<\/strong>.<\/p>\n<p>&nbsp;<\/p>\n<p><em>\u201cEra algo que se ven\u00eda pidiendo, este a\u00f1o es una prueba piloto, <strong>la idea es que la media marat\u00f3n quede plasmada en el calendario de carreras<\/strong> para seguir realiz\u00e1ndola a\u00f1o a a\u00f1o y sea de \u00edndole regional y provincial\u201d<\/em>, coment\u00f3 \u201cTito\u201d Gonz\u00e1lez y m\u00e1s tarde agreg\u00f3: <em>\u201c<strong>Que haya una prueba as\u00ed en Olavarr\u00eda es espectacular<\/strong>, tenemos la ventaja de que la ciudad est\u00e1 en el centro de la provincia, primero por la cercan\u00eda y por otro pens\u00e1ndolo como una actividad tur\u00edstica tambi\u00e9n\u201d, <\/em>coment\u00f3.<\/p>\n<p>&nbsp;<\/p>\n<p><em>\u201cM\u00e1s all\u00e1 de lo deportivo, <strong>hay que entender a la \u201cVuelta al Municipio\u201d como un evento social<\/strong> porque luego de la competencia matutina, <strong>habr\u00e1 participaci\u00f3n de varias instituciones educativas, de los clubes y de adultos mayores en la prueba social<\/strong> que se realizar\u00e1 durante la tarde\u201d<\/em>, subray\u00f3 el Director de Gesti\u00f3n Deportiva.<\/p>\n<p>&nbsp;<\/p>\n<blockquote><p><em>\u201cLa Vuelta al Municipio es una fiesta del deporte olavarriense, estamos muy contentos y muy motivados por la respuesta de la gente\u201d.<\/em><\/p><\/blockquote>\n<p>&nbsp;<\/p>\n<p><img data-recalc-dims=\"1\" loading=\"lazy\" decoding=\"async\" class=\"aligncenter size-full wp-image-15359\" src=\"https:\/\/i0.wp.com\/centraldeportes.com.ar\/wp-content\/uploads\/2022\/04\/WhatsApp-Image-2022-04-28-at-7.37.43-PM-1.jpeg?resize=800%2C600\" alt=\"\" width=\"800\" height=\"600\" \/><\/p>\n<p>&nbsp;<\/p>\n<p>&nbsp;<\/p>\n<p>En los \u00faltimos d\u00edas, desde la organizaci\u00f3n del evento, se anunciaron una serie de modificaciones en cuanto los recorridos: <em>\u201c<strong>Extendimos el recorrido pensando m\u00e1s que nada en lo tur\u00edstico<\/strong>, en primer lugar para que se pueda recorrer y conocer m\u00e1s la ciudad y en segundo lugar para que sea m\u00e1s entretenido el trayecto\u201d<\/em>, sintetiz\u00f3.<\/p>\n<p>&nbsp;<\/p>\n<p><em>\u201c<strong>Muchos atletas de \u00e9lite ya est\u00e1n confirmados<\/strong>\u201d<\/em>, confirm\u00f3 Gonz\u00e1lez y adem\u00e1s destac\u00f3 el arduo trabajo que se viene llevando adelante en cuanto a la organizaci\u00f3n: <em>\u201c<strong>Tenemos alrededor de 300 personas trabajando<\/strong>, ya sea desde la gente del Municipio, salud, tr\u00e1nsito, turismo, los profesores de la Direcci\u00f3n de Deportes, la gente del Regimiento, Instituto de Educaci\u00f3n F\u00edsica, miembros de la Secundaria N\u00b0 1, la verdad que <strong>hay un gran esfuerzo detr\u00e1s de todo esto y hay que resaltarlo sino ser\u00eda imposible llevar a cabo el evento<\/strong>\u201d, <\/em>finaliz\u00f3.<\/p>\n<p>&nbsp;<\/p>\n<p>La tradicional prueba de pedestrismo comenzar\u00e1 el domingo a las 9:00 con los 5, 10 y 21 kil\u00f3metros. Luego a la tarde alrededor de las 15:00, se desarrollar\u00e1 la prueba social con un entretenido circuito de 1 y 3 kil\u00f3metros. Adem\u00e1s, el evento contar\u00e1 con la presencia de bandas y food trucks para amenizar la jornada del evento deportivo en la ciudad.<\/p>\n","protected":false},"excerpt":{"rendered":"<p>Lo afirm\u00f3 el Director de Gesti\u00f3n Deportiva del Municipio a d\u00edas de que comience la tradicional prueba de pedestrismo en<\/p>\n","protected":false},"author":96739694,"featured_media":147654,"comment_status":"closed","ping_status":"closed","sticky":false,"template":"","format":"standard","meta":{"_jetpack_memberships_contains_paid_content":false,"footnotes":""},"categories":[38,1],"tags":[],"class_list":["post-147653","post","type-post","status-publish","format-standard","has-post-thumbnail","hentry","category-pedestrismo","category-portada"],"jetpack_featured_media_url":"https:\/\/i0.wp.com\/cdnoticias.com\/wp-content\/uploads\/2022\/04\/WhatsApp-Image-2022-04-28-at-7.37.43-PM.jpeg?fit=1202%2C844&ssl=1","jetpack_sharing_enabled":true,"_links":{"self":[{"href":"https:\/\/cdnoticias.com\/index.php\/wp-json\/wp\/v2\/posts\/147653","targetHints":{"allow":["GET"]}}],"collection":[{"href":"https:\/\/cdnoticias.com\/index.php\/wp-json\/wp\/v2\/posts"}],"about":[{"href":"https:\/\/cdnoticias.com\/index.php\/wp-json\/wp\/v2\/types\/post"}],"author":[{"embeddable":true,"href":"https:\/\/cdnoticias.com\/index.php\/wp-json\/wp\/v2\/users\/96739694"}],"replies":[{"embeddable":true,"href":"https:\/\/cdnoticias.com\/index.php\/wp-json\/wp\/v2\/comments?post=147653"}],"version-history":[{"count":0,"href":"https:\/\/cdnoticias.com\/index.php\/wp-json\/wp\/v2\/posts\/147653\/revisions"}],"wp:featuredmedia":[{"embeddable":true,"href":"https:\/\/cdnoticias.com\/index.php\/wp-json\/wp\/v2\/media\/147654"}],"wp:attachment":[{"href":"https:\/\/cdnoticias.com\/index.php\/wp-json\/wp\/v2\/media?parent=147653"}],"wp:term":[{"taxonomy":"category","embeddable":true,"href":"https:\/\/cdnoticias.com\/index.php\/wp-json\/wp\/v2\/categories?post=147653"},{"taxonomy":"post_tag","embeddable":true,"href":"https:\/\/cdnoticias.com\/index.php\/wp-json\/wp\/v2\/tags?post=147653"}],"curies":[{"name":"wp","href":"https:\/\/api.w.org\/{rel}","templated":true}]}}