{"id":147650,"date":"2022-04-29T16:04:45","date_gmt":"2022-04-29T19:04:45","guid":{"rendered":"http:\/\/centraldeportes.com.ar\/?p=15402"},"modified":"2022-04-29T16:04:45","modified_gmt":"2022-04-29T19:04:45","slug":"juegos-bonaerenses-hay-mas-tiempo-de-inscripcion","status":"publish","type":"post","link":"https:\/\/cdnoticias.com\/index.php\/2022\/04\/29\/juegos-bonaerenses-hay-mas-tiempo-de-inscripcion\/","title":{"rendered":"Juegos Bonaerenses: hay m\u00e1s tiempo de inscripci\u00f3n"},"content":{"rendered":"<p>Desde la Subsecretar\u00eda de Deportes y Recreaci\u00f3n de la Municipalidad de Olavarr\u00eda se inform\u00f3 que se ampli\u00f3 una semana el plazo de inscripci\u00f3n para los Juegos Bonaerenses, que regresar\u00e1n a la presencialidad y tendr\u00e1 su etapa final en Mar del Plata.<!--more--><\/p>\n<hr \/>\n<p>El plazo para poder anotarse estar\u00e1 vigente hasta el pr\u00f3ximo 6 de mayo, seg\u00fan fue anunciado en las \u00faltimas horas. Escolares y juveniles, Universitarios, Personas Trasplantadas, Personas con Discapacidad y Adultos Mayores podr\u00e1n inscribirse en una gran cantidad de disciplinas, tanto individuales como por equipos.<\/p>\n<p>&nbsp;<\/p>\n<p>Se enfatiz\u00f3 en que en esta edici\u00f3n, la n\u00famero 31, tambi\u00e9n habr\u00e1 Juegos Electr\u00f3nicos y Rob\u00f3tica. Por consultas, los interesados podr\u00e1n comunicarse con la Subsecretar\u00eda de Deportes y Recreaci\u00f3n \u2013en el horario de 9 a 12 horas\u2013 al 444127 o en la Casa del Deporte, situada en avenida Del Valle 3549.<\/p>\n<p>&nbsp;<\/p>\n<p>Por otra parte, vale dar cuenta que tambi\u00e9n estar\u00e1 la posibilidad de participar en numerosas disciplinas y expresiones culturales, tales como arte circense, artes pl\u00e1sticas, danzas, m\u00fasica, fotograf\u00eda, Freestyle y Stand Up. Las personas interesadas pueden registrarse, de modo presencial, en la Subsecretar\u00eda de Cultura y Educaci\u00f3n (Coronel Su\u00e1rez 2924) de lunes a viernes de 8 a 13 horas, o bien por mail al dircultura@olavarria.gov.ar. Por consultas pueden comunicarse al 426043.<\/p>\n","protected":false},"excerpt":{"rendered":"<p>Desde la Subsecretar\u00eda de Deportes y Recreaci\u00f3n de la Municipalidad de Olavarr\u00eda se inform\u00f3 que se ampli\u00f3 una semana el<\/p>\n","protected":false},"author":96739694,"featured_media":147652,"comment_status":"closed","ping_status":"closed","sticky":false,"template":"","format":"standard","meta":{"_jetpack_memberships_contains_paid_content":false,"footnotes":""},"categories":[30,1],"tags":[],"class_list":["post-147650","post","type-post","status-publish","format-standard","has-post-thumbnail","hentry","category-polideportivo","category-portada"],"jetpack_featured_media_url":"https:\/\/i0.wp.com\/cdnoticias.com\/wp-content\/uploads\/2022\/04\/Deportes-Bonaerenses-D%C3%ADa-III-24-1024x768.jpg?fit=1024%2C768&ssl=1","jetpack_sharing_enabled":true,"_links":{"self":[{"href":"https:\/\/cdnoticias.com\/index.php\/wp-json\/wp\/v2\/posts\/147650","targetHints":{"allow":["GET"]}}],"collection":[{"href":"https:\/\/cdnoticias.com\/index.php\/wp-json\/wp\/v2\/posts"}],"about":[{"href":"https:\/\/cdnoticias.com\/index.php\/wp-json\/wp\/v2\/types\/post"}],"author":[{"embeddable":true,"href":"https:\/\/cdnoticias.com\/index.php\/wp-json\/wp\/v2\/users\/96739694"}],"replies":[{"embeddable":true,"href":"https:\/\/cdnoticias.com\/index.php\/wp-json\/wp\/v2\/comments?post=147650"}],"version-history":[{"count":0,"href":"https:\/\/cdnoticias.com\/index.php\/wp-json\/wp\/v2\/posts\/147650\/revisions"}],"wp:featuredmedia":[{"embeddable":true,"href":"https:\/\/cdnoticias.com\/index.php\/wp-json\/wp\/v2\/media\/147652"}],"wp:attachment":[{"href":"https:\/\/cdnoticias.com\/index.php\/wp-json\/wp\/v2\/media?parent=147650"}],"wp:term":[{"taxonomy":"category","embeddable":true,"href":"https:\/\/cdnoticias.com\/index.php\/wp-json\/wp\/v2\/categories?post=147650"},{"taxonomy":"post_tag","embeddable":true,"href":"https:\/\/cdnoticias.com\/index.php\/wp-json\/wp\/v2\/tags?post=147650"}],"curies":[{"name":"wp","href":"https:\/\/api.w.org\/{rel}","templated":true}]}}