{"id":147628,"date":"2022-04-24T21:53:06","date_gmt":"2022-04-25T00:53:06","guid":{"rendered":"http:\/\/centraldeportes.com.ar\/?p=15067"},"modified":"2022-04-24T21:53:06","modified_gmt":"2022-04-25T00:53:06","slug":"tarde-de-campeones-triunfos-de-damian-covatti-y-daniel-albano","status":"publish","type":"post","link":"https:\/\/cdnoticias.com\/index.php\/2022\/04\/24\/tarde-de-campeones-triunfos-de-damian-covatti-y-daniel-albano\/","title":{"rendered":"Tarde de campeones: triunfos de Dami\u00e1n Covatti y Daniel Albano"},"content":{"rendered":"<p>Los campeones vigentes fueron los vencedores del domingo en el aut\u00f3dromo \u201cHermanos Emiliozzi\u201d. Dami\u00e1n Covatti se llev\u00f3 la doble fecha del TSS, mientras que Daniel Albano hizo lo propio en la Copa Gol.<!--more--><\/p>\n<hr \/>\n<p>En una jornada fant\u00e1stica en lo clim\u00e1tico, el Amco recibi\u00f3 al Turismo Sport del Sudeste que disput\u00f3 la segunda y la tercera fecha del campeonato, mientras que la Copa VW Gol desarroll\u00f3 su segunda presentaci\u00f3n del a\u00f1o.<\/p>\n<p>&nbsp;<\/p>\n<p>Dami\u00e1n Covatti regres\u00f3 al TSS y volvi\u00f3 con todo, se qued\u00f3 con lo mejor en la clasificaci\u00f3n, y aunque se despist\u00f3 en la serie, se pudo recuperar para quedarse con la victoria en la primera de las finales de la tarde. Andr\u00e9s De Vega arrib\u00f3 en la segunda colocaci\u00f3n y Mario Dom\u00ednguez complet\u00f3 el podio. En esta primera carrera Mariano Cortez y Pablo Salerno arribaron en el cuarto y quinto lugar respectivamente.<\/p>\n<p>&nbsp;<\/p>\n<p>La final por la tercera fecha fue similar, con Dami\u00e1n Covatti dominando sin problemas y sumando un nuevo triunfo. Pablo Salerno ocup\u00f3 el segundo lugar, mientras que el Andr\u00e9s De Vega arrib\u00f3 en la tercera posici\u00f3n. Mario Dom\u00ednguez lleg\u00f3 en el cuarto lugar, quinto fue Jos\u00e9 Fern\u00e1ndez, sexto arrib\u00f3 Miguel G\u00f3mez y s\u00e9ptimo Mariano Cortez.<\/p>\n<p>&nbsp;<\/p>\n<p>[soliloquy slug=&#8221;autitos-2&#8243;]<\/p>\n<p>&nbsp;<\/p>\n<p>En la Copa VW Gol, al igual que en la primera fecha del a\u00f1o, nadie pudo con el campe\u00f3n, Daniel Albano. Si bien uno de los favoritos era Juan Carlos L\u00f3pez, que hab\u00eda realizado el mejor tiempo de clasificaci\u00f3n, sufri\u00f3 un desperfecto en su manga, que le hizo perder algunas chances. Esto lo aprovecharon Daniel Albano y Facundo Miralles que se quedaron con sendas victorias en las mangas disputadas previas a la final.<\/p>\n<p>&nbsp;<\/p>\n<p>Cuando se puso en marcha la \u00faltima exigencia del domingo, Facundo Miralles tom\u00f3 la punta desde el comienzo, mientras Daniel Albano se ubic\u00f3 detr\u00e1s. Comenz\u00f3 a inquietarlo hasta que promediando la carrera se la jug\u00f3 en el frenaje de la horquilla y pudo meter su Gol adelante. De aqu\u00ed en m\u00e1s comenz\u00f3 otra carrera, ya que el piloto de Tedim Uriburu se escap\u00f3 adelante e hizo una interesante diferencia. Si bien sobre el final se acercaron, Albano se qued\u00f3 con la victoria y festej\u00f3 en lo m\u00e1s alto del podio. Miralles arrib\u00f3 segundo mientras que Nicol\u00e1s Vizzolini fue tercero. El Comisario Deportivo decidi\u00f3 excluir al tercero por un toque a Mantelli, por lo que el tercer lugar qued\u00f3 en poder de Nicol\u00e1s Matta. Lucas Errobidart fue cuarto, Leo Marotta quinto, Cristian Lardapide sexto, Mat\u00edas Errobidart s\u00e9ptimo, Juan Carlos Monferrer octavo y noveno Juan Carlos L\u00f3pez.<\/p>\n<p>&nbsp;<\/p>\n<p>La Copa Gol confirm\u00f3 que a partir de la pr\u00f3xima fecha compartir\u00e1 espect\u00e1culo con las categor\u00edas de APPS por lo que su tercera presentaci\u00f3n ser\u00e1 en Azul, el pr\u00f3ximo 15 de Mayo, cuando la Promocional y la Monomrca lleguen al Oscar Mauricio Franco de Azul.<\/p>\n","protected":false},"excerpt":{"rendered":"<p>Los campeones vigentes fueron los vencedores del domingo en el aut\u00f3dromo \u201cHermanos Emiliozzi\u201d. Dami\u00e1n Covatti se llev\u00f3 la doble fecha<\/p>\n","protected":false},"author":96739694,"featured_media":147629,"comment_status":"closed","ping_status":"closed","sticky":false,"template":"","format":"standard","meta":{"_jetpack_memberships_contains_paid_content":false,"footnotes":""},"categories":[34,52,1,53],"tags":[],"class_list":["post-147628","post","type-post","status-publish","format-standard","has-post-thumbnail","hentry","category-automovilismo","category-vw-gol","category-portada","category-tss"],"jetpack_featured_media_url":"https:\/\/i0.wp.com\/cdnoticias.com\/wp-content\/uploads\/2022\/04\/WhatsApp-Image-2022-04-24-at-9.26.09-PM-1.jpeg?fit=907%2C676&ssl=1","jetpack_sharing_enabled":true,"_links":{"self":[{"href":"https:\/\/cdnoticias.com\/index.php\/wp-json\/wp\/v2\/posts\/147628","targetHints":{"allow":["GET"]}}],"collection":[{"href":"https:\/\/cdnoticias.com\/index.php\/wp-json\/wp\/v2\/posts"}],"about":[{"href":"https:\/\/cdnoticias.com\/index.php\/wp-json\/wp\/v2\/types\/post"}],"author":[{"embeddable":true,"href":"https:\/\/cdnoticias.com\/index.php\/wp-json\/wp\/v2\/users\/96739694"}],"replies":[{"embeddable":true,"href":"https:\/\/cdnoticias.com\/index.php\/wp-json\/wp\/v2\/comments?post=147628"}],"version-history":[{"count":0,"href":"https:\/\/cdnoticias.com\/index.php\/wp-json\/wp\/v2\/posts\/147628\/revisions"}],"wp:featuredmedia":[{"embeddable":true,"href":"https:\/\/cdnoticias.com\/index.php\/wp-json\/wp\/v2\/media\/147629"}],"wp:attachment":[{"href":"https:\/\/cdnoticias.com\/index.php\/wp-json\/wp\/v2\/media?parent=147628"}],"wp:term":[{"taxonomy":"category","embeddable":true,"href":"https:\/\/cdnoticias.com\/index.php\/wp-json\/wp\/v2\/categories?post=147628"},{"taxonomy":"post_tag","embeddable":true,"href":"https:\/\/cdnoticias.com\/index.php\/wp-json\/wp\/v2\/tags?post=147628"}],"curies":[{"name":"wp","href":"https:\/\/api.w.org\/{rel}","templated":true}]}}