{"id":147598,"date":"2022-04-26T14:57:25","date_gmt":"2022-04-26T17:57:25","guid":{"rendered":"http:\/\/centraldeportes.com.ar\/?p=15201"},"modified":"2022-04-26T14:57:25","modified_gmt":"2022-04-26T17:57:25","slug":"las-categorias-pares-abrieron-la-tercera-fecha-del-circuito","status":"publish","type":"post","link":"https:\/\/cdnoticias.com\/index.php\/2022\/04\/26\/las-categorias-pares-abrieron-la-tercera-fecha-del-circuito\/","title":{"rendered":"Las Categor\u00edas pares abrieron la tercera fecha del circuito"},"content":{"rendered":"<p>Este fin de semana fue el turno de las categor\u00edas pares que divididas en siete divisiones abrieron la tercera fecha del Calendario de la Asociaci\u00f3n Civil Olavarriense de P\u00e1del. Participaron 130 parejas .<\/p>\n<p><!--more--><\/p>\n<hr \/>\n<p>Este fin de semana se puso en marcha la tercera fecha del circuito olavarriense para las categor\u00edas pares.<\/p>\n<p>&nbsp;<\/p>\n<p>Laura Becker y Soledad Mignona se quedaron con el t\u00edtulo en S\u00e9ptima B. Las campeonas superaron al binomio compuesto por Aynara Pucheu y Vanesa Rold\u00e1n por 6\/7 6\/0 6\/2 en la final disputada P\u00e1del Time.<\/p>\n<p>&nbsp;<\/p>\n<p>Mientras que en Caballeros se consagraron Ian L\u00f3pez y Santiago Barrera tras vencer Juan Ditzel y Jonatan Culos por un resultado final de 5\/7 6\/3 6\/1.<\/p>\n<p>&nbsp;<\/p>\n<p>Tambi\u00e9n en el Complejo P\u00e1del Time se desarroll\u00f3 la final de Cuarta Junior. Dami\u00e1n Vidal y Guillermo Ruiz se consagraron tras superar a la pareja compuesta por Diego Stoessel y Mart\u00edn Vivas por 3\/6 6\/3 6\/4.<\/p>\n<p>&nbsp;<\/p>\n<p>Por su parte en Sexta Damas, Andrea Far\u00edas y Mabel Clark se adjudicaron el torneo tras derrotar en la definici\u00f3n y en sets corridos a la pareja compuesta por Mariela Schwindt y Carola Tubio por 7\/5 7\/5<\/p>\n<p>&nbsp;<\/p>\n<p>En Segunda Caballeros el t\u00edtulo qued\u00f3 en poder de Marcos Silveri y Bruno Reyes. Los campeones superaron en sets corridos a la pareja compuesta por Nicol\u00e1s Iturregui y Bernardo Roa por 6\/4 6\/3.<\/p>\n<p>&nbsp;<\/p>\n<div class=\"tiled-gallery type-rectangular tiled-gallery-unresized\" data-original-width=\"800\" data-carousel-extra='null' itemscope itemtype=\"http:\/\/schema.org\/ImageGallery\" > <div class=\"gallery-row\" style=\"width: 800px; height: 544px;\" data-original-width=\"800\" data-original-height=\"544\" > <div class=\"gallery-group images-1\" style=\"width: 800px; height: 544px;\" data-original-width=\"800\" data-original-height=\"544\" > <div class=\"tiled-gallery-item tiled-gallery-item-large\" itemprop=\"associatedMedia\" itemscope itemtype=\"http:\/\/schema.org\/ImageObject\"> <a href=\"https:\/\/i0.wp.com\/cdnoticias.com\/wp-content\/uploads\/2021\/03\/colacion-2019-01.jpeg?ssl=1\" border=\"0\" itemprop=\"url\"> <meta itemprop=\"width\" content=\"796\"> <meta itemprop=\"height\" content=\"540\"> <img decoding=\"async\" class=\"\" data-attachment-id=\"15203\" data-orig-file=\"https:\/\/cdnoticias.com\/wp-content\/uploads\/2021\/03\/colacion-2019-01.jpeg\" data-orig-size=\"1254,851\" data-comments-opened=\"\" data-image-meta=\"{&quot;aperture&quot;:&quot;0&quot;,&quot;credit&quot;:&quot;&quot;,&quot;camera&quot;:&quot;&quot;,&quot;caption&quot;:&quot;&quot;,&quot;created_timestamp&quot;:&quot;0&quot;,&quot;copyright&quot;:&quot;&quot;,&quot;focal_length&quot;:&quot;0&quot;,&quot;iso&quot;:&quot;0&quot;,&quot;shutter_speed&quot;:&quot;0&quot;,&quot;title&quot;:&quot;&quot;,&quot;orientation&quot;:&quot;0&quot;}\" data-image-title=\"colacion 2019-01\" data-image-description=\"\" data-medium-file=\"https:\/\/i0.wp.com\/cdnoticias.com\/wp-content\/uploads\/2021\/03\/colacion-2019-01.jpeg?fit=300%2C204&#038;ssl=1\" data-large-file=\"https:\/\/i0.wp.com\/cdnoticias.com\/wp-content\/uploads\/2021\/03\/colacion-2019-01.jpeg?fit=800%2C543&#038;ssl=1\" src=\"https:\/\/i0.wp.com\/cdnoticias.com\/wp-content\/uploads\/2021\/03\/colacion-2019-01.jpeg?w=796&#038;h=540&#038;ssl=1\" srcset=\"https:\/\/i0.wp.com\/cdnoticias.com\/wp-content\/uploads\/2021\/03\/colacion-2019-01.jpeg?w=1254&amp;ssl=1 1254w, https:\/\/i0.wp.com\/cdnoticias.com\/wp-content\/uploads\/2021\/03\/colacion-2019-01.jpeg?resize=300%2C204&amp;ssl=1 300w, https:\/\/i0.wp.com\/cdnoticias.com\/wp-content\/uploads\/2021\/03\/colacion-2019-01.jpeg?resize=768%2C521&amp;ssl=1 768w, https:\/\/i0.wp.com\/cdnoticias.com\/wp-content\/uploads\/2021\/03\/colacion-2019-01.jpeg?resize=1024%2C695&amp;ssl=1 1024w\" width=\"796\" height=\"540\" loading=\"lazy\" data-original-width=\"796\" data-original-height=\"540\" itemprop=\"http:\/\/schema.org\/image\" title=\"colacion 2019-01\" alt=\"colacion 2019-01\" style=\"width: 796px; height: 540px;\" \/> <\/a> <\/div> <\/div> <!-- close group --> <\/div> <!-- close row --> <\/div>\n<p>&nbsp;<\/p>\n<p>Alan Tom\u00e1s y Gonzalo Cort\u00e9s fueron los mejores en Cuarta Caballeros, tras vencer en la final en P\u00e1del Time, en sets corridos, a Lautaro Cesareo y Facundo Sosa por 7\/5 6\/4.<\/p>\n<p>&nbsp;<\/p>\n<p>El certamen de Sexta Caballeros fue para la dupla compuesta por Ariel Cardozo y Agust\u00edn Aguilar. Los campeones batallaron durante tres sets para quedarse con la final frente a Naquias Gonz\u00e1lez y Agust\u00edn Saenz por un resultado de 4\/6 7\/5 6\/1.<\/p>\n","protected":false},"excerpt":{"rendered":"<p>Este fin de semana fue el turno de las categor\u00edas pares que divididas en siete divisiones abrieron la tercera fecha<\/p>\n","protected":false},"author":96739694,"featured_media":147599,"comment_status":"closed","ping_status":"closed","sticky":false,"template":"","format":"standard","meta":{"_jetpack_memberships_contains_paid_content":false,"footnotes":""},"categories":[30,1],"tags":[],"class_list":["post-147598","post","type-post","status-publish","format-standard","has-post-thumbnail","hentry","category-polideportivo","category-portada"],"jetpack_featured_media_url":"https:\/\/i0.wp.com\/cdnoticias.com\/wp-content\/uploads\/2022\/04\/IMG-20220425-WA0037.jpg?fit=1024%2C687&ssl=1","jetpack_sharing_enabled":true,"_links":{"self":[{"href":"https:\/\/cdnoticias.com\/index.php\/wp-json\/wp\/v2\/posts\/147598","targetHints":{"allow":["GET"]}}],"collection":[{"href":"https:\/\/cdnoticias.com\/index.php\/wp-json\/wp\/v2\/posts"}],"about":[{"href":"https:\/\/cdnoticias.com\/index.php\/wp-json\/wp\/v2\/types\/post"}],"author":[{"embeddable":true,"href":"https:\/\/cdnoticias.com\/index.php\/wp-json\/wp\/v2\/users\/96739694"}],"replies":[{"embeddable":true,"href":"https:\/\/cdnoticias.com\/index.php\/wp-json\/wp\/v2\/comments?post=147598"}],"version-history":[{"count":0,"href":"https:\/\/cdnoticias.com\/index.php\/wp-json\/wp\/v2\/posts\/147598\/revisions"}],"wp:featuredmedia":[{"embeddable":true,"href":"https:\/\/cdnoticias.com\/index.php\/wp-json\/wp\/v2\/media\/147599"}],"wp:attachment":[{"href":"https:\/\/cdnoticias.com\/index.php\/wp-json\/wp\/v2\/media?parent=147598"}],"wp:term":[{"taxonomy":"category","embeddable":true,"href":"https:\/\/cdnoticias.com\/index.php\/wp-json\/wp\/v2\/categories?post=147598"},{"taxonomy":"post_tag","embeddable":true,"href":"https:\/\/cdnoticias.com\/index.php\/wp-json\/wp\/v2\/tags?post=147598"}],"curies":[{"name":"wp","href":"https:\/\/api.w.org\/{rel}","templated":true}]}}