{"id":147580,"date":"2022-04-22T00:01:01","date_gmt":"2022-04-22T03:01:01","guid":{"rendered":"http:\/\/centraldeportes.com.ar\/?p=14882"},"modified":"2022-04-22T00:01:01","modified_gmt":"2022-04-22T03:01:01","slug":"la-abo-tiene-nuevo-presidente-gerardo-barrera-es-el-presidente","status":"publish","type":"post","link":"https:\/\/cdnoticias.com\/index.php\/2022\/04\/22\/la-abo-tiene-nuevo-presidente-gerardo-barrera-es-el-presidente\/","title":{"rendered":"Gerardo Barrera es el nuevo presidente de la Asociaci\u00f3n de B\u00e1squet de Olavarr\u00eda"},"content":{"rendered":"<p>Este jueves se realiz\u00f3 la Asamblea Anual Ordinaria de la Asociaci\u00f3n de B\u00e1squet de Olavarr\u00eda y tras 10 a\u00f1os al mando, H\u00e9ctor Burghini dej\u00f3 el cargo de presidente y en su lugar asumi\u00f3 Gerardo Barrera.<!--more--><\/p>\n<hr \/>\n<p>&nbsp;<\/p>\n<p>Con la aprobaci\u00f3n y respaldo de los Presidentes de los clubes afiliados se consagr\u00f3 a Gerardo Barrera como Presidente de la Asociaci\u00f3n de B\u00e1squet de Olavarr\u00eda. Federico Arce ser\u00e1 el Vicepresidente.<\/p>\n<p>&nbsp;<\/p>\n<p>En la reuni\u00f3n, luego de las palabras de despedida del Profesor H\u00e9ctor Burghini, se dirigi\u00f3 a los presentes el Presidente de Pueblo Nuevo, Jos\u00e9 Maceo, quien rese\u00f1\u00f3 la actividad de la ABO desde la d\u00e9cada del 80 al d\u00eda de hoy.<\/p>\n","protected":false},"excerpt":{"rendered":"<p>Este jueves se realiz\u00f3 la Asamblea Anual Ordinaria de la Asociaci\u00f3n de B\u00e1squet de Olavarr\u00eda y tras 10 a\u00f1os al<\/p>\n","protected":false},"author":96739694,"featured_media":147582,"comment_status":"closed","ping_status":"closed","sticky":false,"template":"","format":"standard","meta":{"_jetpack_memberships_contains_paid_content":false,"footnotes":""},"categories":[31,1],"tags":[],"class_list":["post-147580","post","type-post","status-publish","format-standard","has-post-thumbnail","hentry","category-basquet","category-portada"],"jetpack_featured_media_url":"https:\/\/i0.wp.com\/cdnoticias.com\/wp-content\/uploads\/2022\/04\/278963309_1466907917062604_1062130866356178546_n.jpg?fit=870%2C491&ssl=1","jetpack_sharing_enabled":true,"_links":{"self":[{"href":"https:\/\/cdnoticias.com\/index.php\/wp-json\/wp\/v2\/posts\/147580","targetHints":{"allow":["GET"]}}],"collection":[{"href":"https:\/\/cdnoticias.com\/index.php\/wp-json\/wp\/v2\/posts"}],"about":[{"href":"https:\/\/cdnoticias.com\/index.php\/wp-json\/wp\/v2\/types\/post"}],"author":[{"embeddable":true,"href":"https:\/\/cdnoticias.com\/index.php\/wp-json\/wp\/v2\/users\/96739694"}],"replies":[{"embeddable":true,"href":"https:\/\/cdnoticias.com\/index.php\/wp-json\/wp\/v2\/comments?post=147580"}],"version-history":[{"count":0,"href":"https:\/\/cdnoticias.com\/index.php\/wp-json\/wp\/v2\/posts\/147580\/revisions"}],"wp:featuredmedia":[{"embeddable":true,"href":"https:\/\/cdnoticias.com\/index.php\/wp-json\/wp\/v2\/media\/147582"}],"wp:attachment":[{"href":"https:\/\/cdnoticias.com\/index.php\/wp-json\/wp\/v2\/media?parent=147580"}],"wp:term":[{"taxonomy":"category","embeddable":true,"href":"https:\/\/cdnoticias.com\/index.php\/wp-json\/wp\/v2\/categories?post=147580"},{"taxonomy":"post_tag","embeddable":true,"href":"https:\/\/cdnoticias.com\/index.php\/wp-json\/wp\/v2\/tags?post=147580"}],"curies":[{"name":"wp","href":"https:\/\/api.w.org\/{rel}","templated":true}]}}