{"id":147578,"date":"2022-04-22T00:02:29","date_gmt":"2022-04-22T03:02:29","guid":{"rendered":"http:\/\/centraldeportes.com.ar\/?p=14886"},"modified":"2022-04-22T00:02:29","modified_gmt":"2022-04-22T03:02:29","slug":"la-copa-tito-vecchi-tuvo-su-presentacion-en-conferencia","status":"publish","type":"post","link":"https:\/\/cdnoticias.com\/index.php\/2022\/04\/22\/la-copa-tito-vecchi-tuvo-su-presentacion-en-conferencia\/","title":{"rendered":"La \u201cCopa Tito Vecchi\u201d tuvo su presentaci\u00f3n en conferencia"},"content":{"rendered":"<p>Este jueves se oficializ\u00f3 la presentaci\u00f3n de la 6\u00b0 edici\u00f3n de la \u201cCopa Tito Vecchi\u201d organizada por la Subcomisi\u00f3n de Tenis del Club Estudiantes.<!--more--><\/p>\n<hr \/>\n<p>Unas 50 personas se acercaron al Bingo BinBaires de nuestra ciudad al lanzamiento oficial del Torneo de Veteranos \u201cCopa Tito Vecchi\u201d.<\/p>\n<p>&nbsp;<\/p>\n<p>Encabezada por el intendente Ezequiel Galli se realiz\u00f3 la conferencia de prensa de lanzamiento del torneo de veteranos. Adem\u00e1s estuvieron Oscar Gonz\u00e1lez, Director de Gesti\u00f3n Deportiva de Municipio, el vicepresidente de Estudiantes, Juan Manuel Mondrag\u00f3n, el Profesor de Tenis de Estudiantes, Roberto Fresta y por \u00faltimo, el Presidente de la Subcomisi\u00f3n de Tenis e impulsor del Torneo, Juan Ignacio Vecchi.<\/p>\n<p>&nbsp;<\/p>\n<p>La actividad que comenzar\u00e1 el viernes en las 11 canchas del Parque Guerrero reunir\u00e1 200 deportistas representantes de todo el pa\u00eds y sobre ello comenz\u00f3 diciendo Ezequiel Galli: \u201c<strong><em>Es un orgullo que se celebre un torneo de tal magnitud en Olavarr\u00eda y esperamos acompa\u00f1ar durante todo el fin de semana<\/em><\/strong>\u201d.<\/p>\n<p>&nbsp;<\/p>\n<p>Tambi\u00e9n habl\u00f3 Juan Ignacio Vecchi que agradeci\u00f3 a los deportistas y a los sponsors.<\/p>\n<p>&nbsp;<\/p>\n<p>La programaci\u00f3n para el fin de semana:<\/p>\n<p>Viernes 22 de Abril:<\/p>\n<p>-10:00 hs. arranca la competencia en Dobles Mixtos<\/p>\n<p>-21:00 hs. pizza libre y cerveza en el estreno oficial del SUM de tenis.<\/p>\n<p>S\u00e1bado 23 de Abril:<\/p>\n<p>-A Partir de 8:30 hs. Dobles Damas y Dobles Caballeros<\/p>\n<p>-21 hs. cena show oficial del Torneo en la Sociedad de Fomento Mariano Moreno (Sarmiento y Espa\u00f1a)<\/p>\n<p>Domingo 24 de Abril:<\/p>\n<p>-9 horas finales del Torneo y entrega de premios.<\/p>\n","protected":false},"excerpt":{"rendered":"<p>Este jueves se oficializ\u00f3 la presentaci\u00f3n de la 6\u00b0 edici\u00f3n de la \u201cCopa Tito Vecchi\u201d organizada por la Subcomisi\u00f3n de<\/p>\n","protected":false},"author":96739694,"featured_media":147579,"comment_status":"closed","ping_status":"closed","sticky":false,"template":"","format":"standard","meta":{"_jetpack_memberships_contains_paid_content":false,"footnotes":""},"categories":[30,1],"tags":[],"class_list":["post-147578","post","type-post","status-publish","format-standard","has-post-thumbnail","hentry","category-polideportivo","category-portada"],"jetpack_featured_media_url":"https:\/\/i0.wp.com\/cdnoticias.com\/wp-content\/uploads\/2022\/04\/WhatsApp-Image-2022-04-21-at-11.21.22-PM.jpeg?fit=1280%2C847&ssl=1","jetpack_sharing_enabled":true,"_links":{"self":[{"href":"https:\/\/cdnoticias.com\/index.php\/wp-json\/wp\/v2\/posts\/147578","targetHints":{"allow":["GET"]}}],"collection":[{"href":"https:\/\/cdnoticias.com\/index.php\/wp-json\/wp\/v2\/posts"}],"about":[{"href":"https:\/\/cdnoticias.com\/index.php\/wp-json\/wp\/v2\/types\/post"}],"author":[{"embeddable":true,"href":"https:\/\/cdnoticias.com\/index.php\/wp-json\/wp\/v2\/users\/96739694"}],"replies":[{"embeddable":true,"href":"https:\/\/cdnoticias.com\/index.php\/wp-json\/wp\/v2\/comments?post=147578"}],"version-history":[{"count":0,"href":"https:\/\/cdnoticias.com\/index.php\/wp-json\/wp\/v2\/posts\/147578\/revisions"}],"wp:featuredmedia":[{"embeddable":true,"href":"https:\/\/cdnoticias.com\/index.php\/wp-json\/wp\/v2\/media\/147579"}],"wp:attachment":[{"href":"https:\/\/cdnoticias.com\/index.php\/wp-json\/wp\/v2\/media?parent=147578"}],"wp:term":[{"taxonomy":"category","embeddable":true,"href":"https:\/\/cdnoticias.com\/index.php\/wp-json\/wp\/v2\/categories?post=147578"},{"taxonomy":"post_tag","embeddable":true,"href":"https:\/\/cdnoticias.com\/index.php\/wp-json\/wp\/v2\/tags?post=147578"}],"curies":[{"name":"wp","href":"https:\/\/api.w.org\/{rel}","templated":true}]}}