{"id":147564,"date":"2022-04-22T18:24:00","date_gmt":"2022-04-22T21:24:00","guid":{"rendered":"http:\/\/centraldeportes.com.ar\/?p=14934"},"modified":"2022-04-22T18:24:00","modified_gmt":"2022-04-22T21:24:00","slug":"appko-la-lluvia-obligo-la-reprogramacion-de-la-fecha","status":"publish","type":"post","link":"https:\/\/cdnoticias.com\/index.php\/2022\/04\/22\/appko-la-lluvia-obligo-la-reprogramacion-de-la-fecha\/","title":{"rendered":"APPKO: la lluvia oblig\u00f3 la reprogramaci\u00f3n de la fecha"},"content":{"rendered":"<p>Este fin de semana deb\u00eda disputarse en Laprida, la cuarta fecha del calendario de la Asociaci\u00f3n de Pilotos y Propietarios de Karting de Olavarr\u00eda pero la lluvia que azot\u00f3 la vecina localidad oblig\u00f3 a su reprogramaci\u00f3n.<!--more--><\/p>\n<hr \/>\n<p>Debido a la anegaci\u00f3n y la complicaci\u00f3n de algunos sectores del kart\u00f3dromo de Laprida tras la lluvia del pasado mi\u00e9rcoles, de com\u00fan acuerdo entre APPK, el Auto Moto N\u00e1utico Laprida y la Federaci\u00f3n N\u00b03 del Sudeste se defini\u00f3 la postergaci\u00f3n de la cuarta fecha del calendario que estaba prevista para este fin de semana en Laprida.<\/p>\n<p>&nbsp;<\/p>\n<p>Adem\u00e1s, a la hora de la determinaci\u00f3n se tuvo en cuenta el pron\u00f3stico que anuncia lluvia en diferentes momentos del fin de semana.<\/p>\n<p>&nbsp;<\/p>\n<p>Dicha competencia se llevar\u00e1 a cabo el fin de semana del 30 de abril y 1\u00b0 de mayo con pruebas libres el viernes 29 respetando el cronograma tal cual estaba estipulado.<\/p>\n<p>&nbsp;<\/p>\n<p>&nbsp;<\/p>\n<p>&nbsp;<\/p>\n<p>&nbsp;<\/p>\n","protected":false},"excerpt":{"rendered":"<p>Este fin de semana deb\u00eda disputarse en Laprida, la cuarta fecha del calendario de la Asociaci\u00f3n de Pilotos y Propietarios<\/p>\n","protected":false},"author":96739694,"featured_media":0,"comment_status":"closed","ping_status":"closed","sticky":false,"template":"","format":"standard","meta":{"_jetpack_memberships_contains_paid_content":false,"footnotes":""},"categories":[33,34,1],"tags":[],"class_list":["post-147564","post","type-post","status-publish","format-standard","hentry","category-appko","category-automovilismo","category-portada"],"jetpack_featured_media_url":"","jetpack_sharing_enabled":true,"_links":{"self":[{"href":"https:\/\/cdnoticias.com\/index.php\/wp-json\/wp\/v2\/posts\/147564","targetHints":{"allow":["GET"]}}],"collection":[{"href":"https:\/\/cdnoticias.com\/index.php\/wp-json\/wp\/v2\/posts"}],"about":[{"href":"https:\/\/cdnoticias.com\/index.php\/wp-json\/wp\/v2\/types\/post"}],"author":[{"embeddable":true,"href":"https:\/\/cdnoticias.com\/index.php\/wp-json\/wp\/v2\/users\/96739694"}],"replies":[{"embeddable":true,"href":"https:\/\/cdnoticias.com\/index.php\/wp-json\/wp\/v2\/comments?post=147564"}],"version-history":[{"count":0,"href":"https:\/\/cdnoticias.com\/index.php\/wp-json\/wp\/v2\/posts\/147564\/revisions"}],"wp:attachment":[{"href":"https:\/\/cdnoticias.com\/index.php\/wp-json\/wp\/v2\/media?parent=147564"}],"wp:term":[{"taxonomy":"category","embeddable":true,"href":"https:\/\/cdnoticias.com\/index.php\/wp-json\/wp\/v2\/categories?post=147564"},{"taxonomy":"post_tag","embeddable":true,"href":"https:\/\/cdnoticias.com\/index.php\/wp-json\/wp\/v2\/tags?post=147564"}],"curies":[{"name":"wp","href":"https:\/\/api.w.org\/{rel}","templated":true}]}}