{"id":147561,"date":"2022-04-22T19:43:28","date_gmt":"2022-04-22T22:43:28","guid":{"rendered":"http:\/\/centraldeportes.com.ar\/?p=14942"},"modified":"2022-04-22T19:43:28","modified_gmt":"2022-04-22T22:43:28","slug":"loma-negra-inauguro-su-cancha-de-futbol-sintetico","status":"publish","type":"post","link":"https:\/\/cdnoticias.com\/index.php\/2022\/04\/22\/loma-negra-inauguro-su-cancha-de-futbol-sintetico\/","title":{"rendered":"Loma Negra inaugur\u00f3 su cancha de f\u00fatbol sint\u00e9tico"},"content":{"rendered":"<p>El pasado jueves por la tarde se llev\u00f3 a cabo la inauguraci\u00f3n de la cancha sint\u00e9tica de f\u00fatbol 6 del Club Social y Deportivo Loma Negra.<!--more--><\/p>\n<hr \/>\n<p>El proyecto encabezado por \u00c1ngel D\u00edaz P\u00e9rez y Miguel Valencia tuvo su inauguraci\u00f3n con la presencia de alumnos de la Escuelita de Futbol, familiares, integrantes de la Comisi\u00f3n Directiva del Club Loma Negra y con el Subsecretario de Deportes, Juan Agust\u00edn Galli.<\/p>\n<p>&nbsp;<\/p>\n\n<p>&nbsp;<\/p>\n<p>Por turnos o consultas se pueden comunicar al 2284-533938<\/p>\n","protected":false},"excerpt":{"rendered":"<p>El pasado jueves por la tarde se llev\u00f3 a cabo la inauguraci\u00f3n de la cancha sint\u00e9tica de f\u00fatbol 6 del<\/p>\n","protected":false},"author":96739694,"featured_media":147562,"comment_status":"closed","ping_status":"closed","sticky":false,"template":"","format":"standard","meta":{"_jetpack_memberships_contains_paid_content":false,"footnotes":""},"categories":[35,1],"tags":[],"class_list":["post-147561","post","type-post","status-publish","format-standard","has-post-thumbnail","hentry","category-futbol","category-portada"],"jetpack_featured_media_url":"https:\/\/i0.wp.com\/cdnoticias.com\/wp-content\/uploads\/2022\/04\/WhatsApp-Image-2022-04-21-at-10.35.17-PM.jpeg?fit=1440%2C952&ssl=1","jetpack_sharing_enabled":true,"_links":{"self":[{"href":"https:\/\/cdnoticias.com\/index.php\/wp-json\/wp\/v2\/posts\/147561","targetHints":{"allow":["GET"]}}],"collection":[{"href":"https:\/\/cdnoticias.com\/index.php\/wp-json\/wp\/v2\/posts"}],"about":[{"href":"https:\/\/cdnoticias.com\/index.php\/wp-json\/wp\/v2\/types\/post"}],"author":[{"embeddable":true,"href":"https:\/\/cdnoticias.com\/index.php\/wp-json\/wp\/v2\/users\/96739694"}],"replies":[{"embeddable":true,"href":"https:\/\/cdnoticias.com\/index.php\/wp-json\/wp\/v2\/comments?post=147561"}],"version-history":[{"count":0,"href":"https:\/\/cdnoticias.com\/index.php\/wp-json\/wp\/v2\/posts\/147561\/revisions"}],"wp:featuredmedia":[{"embeddable":true,"href":"https:\/\/cdnoticias.com\/index.php\/wp-json\/wp\/v2\/media\/147562"}],"wp:attachment":[{"href":"https:\/\/cdnoticias.com\/index.php\/wp-json\/wp\/v2\/media?parent=147561"}],"wp:term":[{"taxonomy":"category","embeddable":true,"href":"https:\/\/cdnoticias.com\/index.php\/wp-json\/wp\/v2\/categories?post=147561"},{"taxonomy":"post_tag","embeddable":true,"href":"https:\/\/cdnoticias.com\/index.php\/wp-json\/wp\/v2\/tags?post=147561"}],"curies":[{"name":"wp","href":"https:\/\/api.w.org\/{rel}","templated":true}]}}