{"id":147559,"date":"2022-04-22T19:46:52","date_gmt":"2022-04-22T22:46:52","guid":{"rendered":"http:\/\/centraldeportes.com.ar\/?p=14939"},"modified":"2022-04-22T19:46:52","modified_gmt":"2022-04-22T22:46:52","slug":"el-chaira-confirmo-una-nueva-ficha-para-el-federal","status":"publish","type":"post","link":"https:\/\/cdnoticias.com\/index.php\/2022\/04\/22\/el-chaira-confirmo-una-nueva-ficha-para-el-federal\/","title":{"rendered":"El &#8220;Chaira&#8221; confirm\u00f3 una nueva ficha para el Federal"},"content":{"rendered":"<p>Juan Cruz Ramayo, el oriundo de La Madrid, se suma a Racing para el final de La Liga Federal tras su paso por San Lorenzo.<!--more--><\/p>\n<hr \/>\n<p>En la previa de la ante\u00faltima fecha de la Fase Regular, el \u201cchaira\u201d confirm\u00f3 el regreso de Juan Cruz Ramayo tras su experiencia en San Lorenzo en la Liga de Desarrollo y juvenil de Liga Nacional.<\/p>\n<p>&nbsp;<\/p>\n<p>El juvenil de 20 a\u00f1os oriundo de La Madrid ya hab\u00eda jugado en la entidad de la \u201cEstrellita\u201d en el 2020 en el Torneo Provincial de Clubes.<\/p>\n<p>&nbsp;<\/p>\n<p>A partir de la semana entrante ya estar\u00e1 a disposici\u00f3n de Mat\u00edas Orlando.<\/p>\n","protected":false},"excerpt":{"rendered":"<p>Juan Cruz Ramayo, el oriundo de La Madrid, se suma a Racing para el final de La Liga Federal tras<\/p>\n","protected":false},"author":96739694,"featured_media":147560,"comment_status":"closed","ping_status":"closed","sticky":false,"template":"","format":"standard","meta":{"_jetpack_memberships_contains_paid_content":false,"footnotes":""},"categories":[31,1,57],"tags":[],"class_list":["post-147559","post","type-post","status-publish","format-standard","has-post-thumbnail","hentry","category-basquet","category-portada","category-torneo-federal"],"jetpack_featured_media_url":"https:\/\/i0.wp.com\/cdnoticias.com\/wp-content\/uploads\/2022\/04\/WhatsApp-Image-2022-04-22-at-5.52.17-PM.jpeg?fit=1080%2C716&ssl=1","jetpack_sharing_enabled":true,"_links":{"self":[{"href":"https:\/\/cdnoticias.com\/index.php\/wp-json\/wp\/v2\/posts\/147559","targetHints":{"allow":["GET"]}}],"collection":[{"href":"https:\/\/cdnoticias.com\/index.php\/wp-json\/wp\/v2\/posts"}],"about":[{"href":"https:\/\/cdnoticias.com\/index.php\/wp-json\/wp\/v2\/types\/post"}],"author":[{"embeddable":true,"href":"https:\/\/cdnoticias.com\/index.php\/wp-json\/wp\/v2\/users\/96739694"}],"replies":[{"embeddable":true,"href":"https:\/\/cdnoticias.com\/index.php\/wp-json\/wp\/v2\/comments?post=147559"}],"version-history":[{"count":0,"href":"https:\/\/cdnoticias.com\/index.php\/wp-json\/wp\/v2\/posts\/147559\/revisions"}],"wp:featuredmedia":[{"embeddable":true,"href":"https:\/\/cdnoticias.com\/index.php\/wp-json\/wp\/v2\/media\/147560"}],"wp:attachment":[{"href":"https:\/\/cdnoticias.com\/index.php\/wp-json\/wp\/v2\/media?parent=147559"}],"wp:term":[{"taxonomy":"category","embeddable":true,"href":"https:\/\/cdnoticias.com\/index.php\/wp-json\/wp\/v2\/categories?post=147559"},{"taxonomy":"post_tag","embeddable":true,"href":"https:\/\/cdnoticias.com\/index.php\/wp-json\/wp\/v2\/tags?post=147559"}],"curies":[{"name":"wp","href":"https:\/\/api.w.org\/{rel}","templated":true}]}}