{"id":147550,"date":"2022-04-23T00:41:10","date_gmt":"2022-04-23T03:41:10","guid":{"rendered":"http:\/\/centraldeportes.com.ar\/?p=14955"},"modified":"2022-04-23T00:41:10","modified_gmt":"2022-04-23T03:41:10","slug":"festejo-de-estudiantes-en-otro-partido-del-torneo-apertura","status":"publish","type":"post","link":"https:\/\/cdnoticias.com\/index.php\/2022\/04\/23\/festejo-de-estudiantes-en-otro-partido-del-torneo-apertura\/","title":{"rendered":"Festejo de Estudiantes en otro partido del Torneo Apertura"},"content":{"rendered":"<p>En la noche del viernes, prosigui\u00f3 la tercera fecha del Torneo Apertura y Estudiantes sum\u00f3 su primer festejo en condici\u00f3n de visitante al derrotar a Ferro por 74 a 70 en un partido parejo que se defini\u00f3 en los \u00faltimos minutos.<!--more--><\/p>\n<hr \/>\n<p>El \u201cBataraz\u201d festej\u00f3 por segunda vez en el certamen organizado por la Asociaci\u00f3n de B\u00e1squet de Olavarr\u00eda al lograr revertir el resultado con un gran segundo tiempo donde dobleg\u00f3 a su rival de turno que sum\u00f3 su segunda derrota en igual cantidad de presentaciones.<\/p>\n<p>&nbsp;<\/p>\n<p>Toda la primera mitad fue del \u201cCarbonero\u201d que cont\u00f3 con el aporte goleador de Tom\u00e1s Pietrafesa en los primeros 10 minutos y en el segundo parcial, con m\u00e1s participaci\u00f3n de la rotaci\u00f3n mantuvo la diferencia de cara al descanso largo.<\/p>\n<p>&nbsp;<\/p>\n<p>[soliloquy slug=&#8221;ferro-cae-local&#8221;]<\/p>\n<p>&nbsp;<\/p>\n<p>En la segunda parte lleg\u00f3 la reacci\u00f3n de la visita aprovechando un buen momento en el tercer periodo de Franco Piccinelli y otro en el cuarto final encabezado por Thiago San Mart\u00edn que le permitieron pasar al frente primero y alejarse despu\u00e9s para sumar su segunda conquista.<\/p>\n<p>&nbsp;<\/p>\n<p>La tercera fecha, primera programada completa desde el inicio del certamen, llegar\u00e1 a su fin desde las 20:00 del s\u00e1bado cuando Loma Negra reciba a El Fort\u00edn en el Club de Pesca de Villa Alfredo Fortabat.<\/p>\n<p>&nbsp;<\/p>\n<p><strong>S\u00edntesis Ferro \u2013 Estudiantes:<\/strong><\/p>\n<p>Estadio: De la Vega<\/p>\n<p>\u00c1rbitros: Su\u00e1rez, D. y Palmero, A.<\/p>\n<p><strong>Ferro (70): Alonso (9), Pietrafesa (29), P\u00e9rez (10), Menon (8), Romero (0) -FI- Ben\u00edtez (0), Dup\u00edn (11), Rojas (0), Debito (3). DT- Facundo \u00c1lvarez<\/strong><\/p>\n<p><strong>Estudiantes (74): Callegaro (8), Calder\u00f3n (10), San Mart\u00edn (23), Piccinelli (17), Borzi (8) -FI- S\u00e1nchez Savi (6), Masson (0), Mondini (2), Schaw (0). DT- Mauricio Beltramella<\/strong><\/p>\n<p>Parciales: 21 \u2013 16; 37 \u2013 30; 49 \u2013 51 y 70 \u2013 74.<\/p>\n","protected":false},"excerpt":{"rendered":"<p>En la noche del viernes, prosigui\u00f3 la tercera fecha del Torneo Apertura y Estudiantes sum\u00f3 su primer festejo en condici\u00f3n<\/p>\n","protected":false},"author":96739694,"featured_media":147552,"comment_status":"closed","ping_status":"closed","sticky":false,"template":"","format":"standard","meta":{"_jetpack_memberships_contains_paid_content":false,"footnotes":""},"categories":[31,1,43],"tags":[],"class_list":["post-147550","post","type-post","status-publish","format-standard","has-post-thumbnail","hentry","category-basquet","category-portada","category-primera"],"jetpack_featured_media_url":"https:\/\/i0.wp.com\/cdnoticias.com\/wp-content\/uploads\/2022\/04\/ferro-cae-local_6.jpg?fit=1280%2C853&ssl=1","jetpack_sharing_enabled":true,"_links":{"self":[{"href":"https:\/\/cdnoticias.com\/index.php\/wp-json\/wp\/v2\/posts\/147550","targetHints":{"allow":["GET"]}}],"collection":[{"href":"https:\/\/cdnoticias.com\/index.php\/wp-json\/wp\/v2\/posts"}],"about":[{"href":"https:\/\/cdnoticias.com\/index.php\/wp-json\/wp\/v2\/types\/post"}],"author":[{"embeddable":true,"href":"https:\/\/cdnoticias.com\/index.php\/wp-json\/wp\/v2\/users\/96739694"}],"replies":[{"embeddable":true,"href":"https:\/\/cdnoticias.com\/index.php\/wp-json\/wp\/v2\/comments?post=147550"}],"version-history":[{"count":0,"href":"https:\/\/cdnoticias.com\/index.php\/wp-json\/wp\/v2\/posts\/147550\/revisions"}],"wp:featuredmedia":[{"embeddable":true,"href":"https:\/\/cdnoticias.com\/index.php\/wp-json\/wp\/v2\/media\/147552"}],"wp:attachment":[{"href":"https:\/\/cdnoticias.com\/index.php\/wp-json\/wp\/v2\/media?parent=147550"}],"wp:term":[{"taxonomy":"category","embeddable":true,"href":"https:\/\/cdnoticias.com\/index.php\/wp-json\/wp\/v2\/categories?post=147550"},{"taxonomy":"post_tag","embeddable":true,"href":"https:\/\/cdnoticias.com\/index.php\/wp-json\/wp\/v2\/tags?post=147550"}],"curies":[{"name":"wp","href":"https:\/\/api.w.org\/{rel}","templated":true}]}}