{"id":147522,"date":"2022-04-18T18:43:33","date_gmt":"2022-04-18T21:43:33","guid":{"rendered":"http:\/\/centraldeportes.com.ar\/?p=14764"},"modified":"2022-04-18T18:43:33","modified_gmt":"2022-04-18T21:43:33","slug":"buena-participacion-para-los-jinetes-y-amazonas-bataraces","status":"publish","type":"post","link":"https:\/\/cdnoticias.com\/index.php\/2022\/04\/18\/buena-participacion-para-los-jinetes-y-amazonas-bataraces\/","title":{"rendered":"Buena participaci\u00f3n para los jinetes y amazonas \u201cBataraces\u201d"},"content":{"rendered":"<p>Cinco jinetes y amazonas estuvieron compitiendo este fin de semana en Mar del Plata por la primera fecha del Torneo Federal.<!--more--><\/p>\n<hr \/>\n<p>En esta primera instancia no lograron la clasificaci\u00f3n pero lo importante fue la competencia que tuvieron ellos, ya que luego de cuatro a\u00f1os la secci\u00f3n de hipismo del club volvi\u00f3 a estar federada y poder estar en una competencia oficial es todo un logro y un crecimiento de la disciplina para volver a codearse, en este caso, con jinetes de toda la zona atl\u00e1ntica.<\/p>\n<p>&nbsp;<\/p>\n<p>Victoria Galli y Gonzalo De Martino destacaron la triple jornada acompa\u00f1ando a los jinetes y amazonas bataraces: \u201c<em>C\u00f3mo profesores del Club Estudiantes, queremos compartir que despu\u00e9s de 4 a\u00f1os la secci\u00f3n volvi\u00f3 a participar de un Torneo Federal con mucho esfuerzo y en su primera competencia en este nivel, los jinetes tuvieron una buena participaci\u00f3n y muy buena experiencia, represent\u00e1ndonos en distintas categor\u00edas como, iniciados 0,60cm, Iniciados 0,70cm, Tercera 0,90 cm y tercera 1,00<\/em>\u201d, destacaron.<\/p>\n<p>&nbsp;<\/p>\n<p>Adem\u00e1s, en su rol como coordinadores sellaron que \u201c<em>nos sentimos orgullosos por el gran salto de calidad de toda la secci\u00f3n hipismo con sus jinetes y amazonas. Seguiremos entrenando con todo el esfuerzo y la dedicaci\u00f3n correspondiente para la pr\u00f3xima fecha en el que sumaremos participantes de Estudiantes<\/em>\u201d, cerraron.<\/p>\n<p>&nbsp;<\/p>\n<p>La actividad siguiente para ellos ser\u00e1 el pr\u00f3ximo s\u00e1bado 23 de abril en el que participar\u00e1n de un concurso interno en el Regimiento de nuestra ciudad. Por el lado del Torneo Federal, la pr\u00f3xima fecha ser\u00e1 el 6 y 7 de agosto en Mar del Plata. Adem\u00e1s, la secci\u00f3n eval\u00faa la posibilidad de realizar un concurso en el predio de hipismo de Estudiantes, pero a\u00fan no hay fecha estimativa.<\/p>\n<p>&nbsp;<\/p>\n<p>&nbsp;<\/p>\n<p>&nbsp;<\/p>\n","protected":false},"excerpt":{"rendered":"<p>Cinco jinetes y amazonas estuvieron compitiendo este fin de semana en Mar del Plata por la primera fecha del Torneo<\/p>\n","protected":false},"author":96739694,"featured_media":147523,"comment_status":"closed","ping_status":"closed","sticky":false,"template":"","format":"standard","meta":{"_jetpack_memberships_contains_paid_content":false,"footnotes":""},"categories":[30,1],"tags":[],"class_list":["post-147522","post","type-post","status-publish","format-standard","has-post-thumbnail","hentry","category-polideportivo","category-portada"],"jetpack_featured_media_url":"https:\/\/i0.wp.com\/cdnoticias.com\/wp-content\/uploads\/2022\/04\/jinetes.png?fit=800%2C445&ssl=1","jetpack_sharing_enabled":true,"_links":{"self":[{"href":"https:\/\/cdnoticias.com\/index.php\/wp-json\/wp\/v2\/posts\/147522","targetHints":{"allow":["GET"]}}],"collection":[{"href":"https:\/\/cdnoticias.com\/index.php\/wp-json\/wp\/v2\/posts"}],"about":[{"href":"https:\/\/cdnoticias.com\/index.php\/wp-json\/wp\/v2\/types\/post"}],"author":[{"embeddable":true,"href":"https:\/\/cdnoticias.com\/index.php\/wp-json\/wp\/v2\/users\/96739694"}],"replies":[{"embeddable":true,"href":"https:\/\/cdnoticias.com\/index.php\/wp-json\/wp\/v2\/comments?post=147522"}],"version-history":[{"count":0,"href":"https:\/\/cdnoticias.com\/index.php\/wp-json\/wp\/v2\/posts\/147522\/revisions"}],"wp:featuredmedia":[{"embeddable":true,"href":"https:\/\/cdnoticias.com\/index.php\/wp-json\/wp\/v2\/media\/147523"}],"wp:attachment":[{"href":"https:\/\/cdnoticias.com\/index.php\/wp-json\/wp\/v2\/media?parent=147522"}],"wp:term":[{"taxonomy":"category","embeddable":true,"href":"https:\/\/cdnoticias.com\/index.php\/wp-json\/wp\/v2\/categories?post=147522"},{"taxonomy":"post_tag","embeddable":true,"href":"https:\/\/cdnoticias.com\/index.php\/wp-json\/wp\/v2\/tags?post=147522"}],"curies":[{"name":"wp","href":"https:\/\/api.w.org\/{rel}","templated":true}]}}