{"id":147517,"date":"2022-04-18T20:26:14","date_gmt":"2022-04-18T23:26:14","guid":{"rendered":"http:\/\/centraldeportes.com.ar\/?p=14775"},"modified":"2022-04-18T20:26:14","modified_gmt":"2022-04-18T23:26:14","slug":"nicolas-lorenzo-sabiamos-que-teniamos-tres-finales-y-nos-quedan-dos","status":"publish","type":"post","link":"https:\/\/cdnoticias.com\/index.php\/2022\/04\/18\/nicolas-lorenzo-sabiamos-que-teniamos-tres-finales-y-nos-quedan-dos\/","title":{"rendered":"Nicol\u00e1s Lorenzo: \u201cSab\u00edamos que ten\u00edamos tres finales y nos quedan dos\u201d"},"content":{"rendered":"<p>El experimentado jugador de Racing declar\u00f3 en el post partido del pasado domingo donde el \u201cchaira\u201d super\u00f3 ag\u00f3nicamente a Estudiantes por 82 a 81.<!--more--><\/p>\n<hr \/>\n<p>Los dirigidos por Mat\u00edas Orlando estiraron su recuperaci\u00f3n tras las derrotas seguidas y con el <a href=\"http:\/\/centraldeportes.com.ar\/agonico-triunfo-de-racing-que-volvio-a-festejar-en-su-casa\/\">triunfo<\/a> en la noche del domingo, est\u00e1 a una victoria de asegurarse el segundo puesto en la Regi\u00f3n Bonaerense.<\/p>\n<p>&nbsp;<\/p>\n<p>\u201c<em>El Torneo es incierto porque los organizadores te van tirando las reglas sobre la marcha, pero nosotros seguimos haciendo nuestro laburo y estamos m\u00e1s que conformes quedemos o no segundos<\/em>\u201d, explic\u00f3 Nicol\u00e1s Lorenzo sobre la definici\u00f3n del certamen a falta de dos fechas y agreg\u00f3: \u201c<strong><em>Sab\u00edamos que ten\u00edamos tres finales, ganamos una y quedan dos. Tenemos que poner la cabeza en Col\u00f3n y quedarnos con ese juego<\/em><\/strong>\u201d.<\/p>\n<p>&nbsp;<\/p>\n<p>Por otro lado, uno de los pocos \u201cChairas\u201d con experiencia en la tercera categor\u00eda del b\u00e1squet nacional analiz\u00f3 el duelo ante el equipo platense: \u201c<em>Se nos complic\u00f3 mucho porque ellos vinieron a buscar el juego y no ver qu\u00e9 pasaba, nosotros no jugamos bien, pero recuperamos las pelotas que ten\u00edamos que recuperar y entraron las que ten\u00edan que entrar para quedarnos con la victoria<\/em>\u201d.<\/p>\n<p>&nbsp;<\/p>\n<p>\u201c<em>En el \u00faltimo cuarto quemamos naves, pusimos lo que ten\u00edamos que poner para ganar y tratamos de hacer lo que hicimos durante el a\u00f1o, por suerte sali\u00f3 a medias<\/em>\u201d, asegur\u00f3 Nicol\u00e1s.<\/p>\n<p>&nbsp;<\/p>\n<div class=\"tiled-gallery type-rectangular tiled-gallery-unresized\" data-original-width=\"800\" data-carousel-extra='null' itemscope itemtype=\"http:\/\/schema.org\/ImageGallery\" > <div class=\"gallery-row\" style=\"width: 800px; height: 452px;\" data-original-width=\"800\" data-original-height=\"452\" > <div class=\"gallery-group images-1\" style=\"width: 800px; height: 452px;\" data-original-width=\"800\" data-original-height=\"452\" > <div class=\"tiled-gallery-item tiled-gallery-item-large\" itemprop=\"associatedMedia\" itemscope itemtype=\"http:\/\/schema.org\/ImageObject\"> <a href=\"https:\/\/i0.wp.com\/cdnoticias.com\/wp-content\/uploads\/2021\/01\/ruta-51-obra-El-Tiempo.jpg?ssl=1\" border=\"0\" itemprop=\"url\"> <meta itemprop=\"width\" content=\"796\"> <meta itemprop=\"height\" content=\"448\"> <img decoding=\"async\" class=\"\" data-attachment-id=\"11861\" data-orig-file=\"https:\/\/cdnoticias.com\/wp-content\/uploads\/2021\/01\/ruta-51-obra-El-Tiempo.jpg\" data-orig-size=\"948,533\" data-comments-opened=\"\" data-image-meta=\"{&quot;aperture&quot;:&quot;0&quot;,&quot;credit&quot;:&quot;&quot;,&quot;camera&quot;:&quot;&quot;,&quot;caption&quot;:&quot;&quot;,&quot;created_timestamp&quot;:&quot;0&quot;,&quot;copyright&quot;:&quot;&quot;,&quot;focal_length&quot;:&quot;0&quot;,&quot;iso&quot;:&quot;0&quot;,&quot;shutter_speed&quot;:&quot;0&quot;,&quot;title&quot;:&quot;&quot;,&quot;orientation&quot;:&quot;0&quot;}\" data-image-title=\"ruta 51 obra El Tiempo\" data-image-description=\"\" data-medium-file=\"https:\/\/i0.wp.com\/cdnoticias.com\/wp-content\/uploads\/2021\/01\/ruta-51-obra-El-Tiempo.jpg?fit=300%2C169&#038;ssl=1\" data-large-file=\"https:\/\/i0.wp.com\/cdnoticias.com\/wp-content\/uploads\/2021\/01\/ruta-51-obra-El-Tiempo.jpg?fit=800%2C450&#038;ssl=1\" src=\"https:\/\/i0.wp.com\/cdnoticias.com\/wp-content\/uploads\/2021\/01\/ruta-51-obra-El-Tiempo.jpg?w=796&#038;h=448&#038;ssl=1\" srcset=\"https:\/\/i0.wp.com\/cdnoticias.com\/wp-content\/uploads\/2021\/01\/ruta-51-obra-El-Tiempo.jpg?w=948&amp;ssl=1 948w, https:\/\/i0.wp.com\/cdnoticias.com\/wp-content\/uploads\/2021\/01\/ruta-51-obra-El-Tiempo.jpg?resize=300%2C169&amp;ssl=1 300w, https:\/\/i0.wp.com\/cdnoticias.com\/wp-content\/uploads\/2021\/01\/ruta-51-obra-El-Tiempo.jpg?resize=768%2C432&amp;ssl=1 768w\" width=\"796\" height=\"448\" loading=\"lazy\" data-original-width=\"796\" data-original-height=\"448\" itemprop=\"http:\/\/schema.org\/image\" title=\"ruta 51 obra El Tiempo\" alt=\"ruta 51 obra El Tiempo\" style=\"width: 796px; height: 448px;\" \/> <\/a> <\/div> <\/div> <!-- close group --> <\/div> <!-- close row --> <\/div>\n<p>&nbsp;<\/p>\n<p>El deportista olavarriense asegur\u00f3 que \u201c<em>en pleno torneo hay que ganar como sea y despu\u00e9s trabajar en la semana<\/em>\u201d y que \u201c<em>reci\u00e9n hoy estamos completos tratando de volver a generar la qu\u00edmica de comienzo de a\u00f1o porque en el bache de derrotas no pudimos contar con el equipo completo<\/em>\u201d.<\/p>\n<p>&nbsp;<\/p>\n<p>Por \u00faltimo, el base que finaliz\u00f3 el cotejo con \u00a017 puntos, 2 rebotes, 4 asistencias y 2 recuperos en 28:07 minutos en cancha habl\u00f3 de su regreso tras una lesi\u00f3n que lo margin\u00f3 de varios encuentros: \u201c<em>Me falta un poco de aire todav\u00eda, estuve 22 d\u00edas parados. Estoy contento porque el dolor no desapareci\u00f3 pero se transform\u00f3 en molestia<\/em>\u201d.<\/p>\n","protected":false},"excerpt":{"rendered":"<p>El experimentado jugador de Racing declar\u00f3 en el post partido del pasado domingo donde el \u201cchaira\u201d super\u00f3 ag\u00f3nicamente a Estudiantes<\/p>\n","protected":false},"author":96739694,"featured_media":147518,"comment_status":"closed","ping_status":"closed","sticky":false,"template":"","format":"standard","meta":{"_jetpack_memberships_contains_paid_content":false,"footnotes":""},"categories":[31,1,57],"tags":[],"class_list":["post-147517","post","type-post","status-publish","format-standard","has-post-thumbnail","hentry","category-basquet","category-portada","category-torneo-federal"],"jetpack_featured_media_url":"https:\/\/i0.wp.com\/cdnoticias.com\/wp-content\/uploads\/2022\/04\/racing-estudiantes-federal_2.jpg?fit=1280%2C853&ssl=1","jetpack_sharing_enabled":true,"_links":{"self":[{"href":"https:\/\/cdnoticias.com\/index.php\/wp-json\/wp\/v2\/posts\/147517","targetHints":{"allow":["GET"]}}],"collection":[{"href":"https:\/\/cdnoticias.com\/index.php\/wp-json\/wp\/v2\/posts"}],"about":[{"href":"https:\/\/cdnoticias.com\/index.php\/wp-json\/wp\/v2\/types\/post"}],"author":[{"embeddable":true,"href":"https:\/\/cdnoticias.com\/index.php\/wp-json\/wp\/v2\/users\/96739694"}],"replies":[{"embeddable":true,"href":"https:\/\/cdnoticias.com\/index.php\/wp-json\/wp\/v2\/comments?post=147517"}],"version-history":[{"count":0,"href":"https:\/\/cdnoticias.com\/index.php\/wp-json\/wp\/v2\/posts\/147517\/revisions"}],"wp:featuredmedia":[{"embeddable":true,"href":"https:\/\/cdnoticias.com\/index.php\/wp-json\/wp\/v2\/media\/147518"}],"wp:attachment":[{"href":"https:\/\/cdnoticias.com\/index.php\/wp-json\/wp\/v2\/media?parent=147517"}],"wp:term":[{"taxonomy":"category","embeddable":true,"href":"https:\/\/cdnoticias.com\/index.php\/wp-json\/wp\/v2\/categories?post=147517"},{"taxonomy":"post_tag","embeddable":true,"href":"https:\/\/cdnoticias.com\/index.php\/wp-json\/wp\/v2\/tags?post=147517"}],"curies":[{"name":"wp","href":"https:\/\/api.w.org\/{rel}","templated":true}]}}