{"id":147502,"date":"2022-04-19T20:47:04","date_gmt":"2022-04-19T23:47:04","guid":{"rendered":"http:\/\/centraldeportes.com.ar\/?p=14797"},"modified":"2022-04-19T20:47:04","modified_gmt":"2022-04-19T23:47:04","slug":"me-voy-feliz-por-haber-estado-al-frente-de-una-institucion-con-tanto-prestigio","status":"publish","type":"post","link":"https:\/\/cdnoticias.com\/index.php\/2022\/04\/19\/me-voy-feliz-por-haber-estado-al-frente-de-una-institucion-con-tanto-prestigio\/","title":{"rendered":"\u201cMe voy feliz por haber estado al frente de una instituci\u00f3n con tanto prestigio\u201d"},"content":{"rendered":"<p>Despu\u00e9s de m\u00e1s de una d\u00e9cada al frente de la Asociaci\u00f3n de B\u00e1squet de Olavarr\u00eda, el pr\u00f3ximo jueves se realizar\u00e1 la Asamblea Anual Ordinaria del ente regulador del b\u00e1squet local y H\u00e9ctor Burghini dejar\u00e1 su cargo.<!--more--><\/p>\n<hr \/>\n<p>Fue en febrero de 2012 cuando ingres\u00f3 en el cargo m\u00e1ximo al ente que rige los destinos del b\u00e1squetbol de Olavarr\u00eda y fue reelecto en cuatro per\u00edodos para conformar una de las mejores etapas del deporte de los cestos olavarriense.<\/p>\n<p>&nbsp;<\/p>\n<p>Con mandato cumplido por parte de H\u00e9ctor Burghini que deja la casa madre del b\u00e1squetbol en marcha competitivamente con las programaciones de Inferiores (Femenino y Masculino), Primera y Maxib\u00e1squet, con super\u00e1vit econ\u00f3mico, sin deudas y encaminada al segundo semestre.<\/p>\n<p>&nbsp;<\/p>\n<p>As\u00ed se refiri\u00f3 el actual Presidente de la ABO a la entrevista de despedida.<\/p>\n<p>&nbsp;<\/p>\n<p>\u00bfQu\u00e9 saldo te dejaron las cinco Presidencias de la ABO?<\/p>\n<p>\u201c<em>Como saldo de los cinco procesos qued\u00e9 muy conforme, muy contento por todo lo que trabajamos por el b\u00e1squet de Olavarr\u00eda. M\u00e1s all\u00e1 del desgaste que produce estoy muy feliz por haber estado al frente de una instituci\u00f3n con tanto prestigio y tanta historia como la Asociaci\u00f3n de B\u00e1squet de Olavarr\u00eda<\/em>\u201d.<\/p>\n<p>&nbsp;<\/p>\n<p>\u00bfTe vas conforme con tu gesti\u00f3n?<\/p>\n<p>\u201c<em>Me voy m\u00e1s que conforme, me voy recontraconforme por el grupo de trabajo que se conform\u00f3, por haber estado a la altura de las circunstancias, por todo lo que se pudo llevar adelante, por haber posicionado a Olavarr\u00eda en un nivel importante, haber hecho torneos y ser competitivos en ellos y haber presentado y realizado proyectos innovadores; lo que me deja muy feliz por haberlo realizado en estos a\u00f1os<\/em>\u201d.<\/p>\n<p>&nbsp;<\/p>\n<p>Bajo tu mandato la ABO lleg\u00f3 a posicionarse en lo m\u00e1s alto en el \u00e1mbito local y bonaerense, \u00bfCu\u00e1l debe ser el perfil de tu sucesor?<\/p>\n<p>\u201c<em>No soy quien para definir el perfil del sucesor. Mi idea es tener claros los objetivos y trabajar para los chicos, el b\u00e1squetbol y las instituciones. Los intereses personales, en un dirigente no pueden existir los intereses personales, ni pol\u00edticos. Hay que abrir puertas para que cada vez haya m\u00e1s chicos jugando al b\u00e1squet, mejorar los espacios, las condiciones y siempre estar dispuesto a trabajar por los dem\u00e1s. Todo esto me parece m\u00e1s importante que el perfil del dirigente que venga y de cualquiera<\/em>\u201d.<\/p>\n<p>&nbsp;<\/p>\n<p>Fueron diez a\u00f1os a full en la Asociaci\u00f3n, \u00bfQu\u00e9 vas a hacer el 22 de abril?<\/p>\n<p>\u201c<em>Va a ser un d\u00eda cargado de nostalgia, un d\u00eda m\u00e1s de trabajo y nada. Ahora voy a aprovechar el tiempo libre y estar internamente tranquilo porque s\u00e9 que no puedo dar m\u00e1s de todo lo que d\u00ed y ya no tengo energ\u00eda para seguir adelante<\/em>\u201d.<\/p>\n","protected":false},"excerpt":{"rendered":"<p>Despu\u00e9s de m\u00e1s de una d\u00e9cada al frente de la Asociaci\u00f3n de B\u00e1squet de Olavarr\u00eda, el pr\u00f3ximo jueves se realizar\u00e1<\/p>\n","protected":false},"author":96739694,"featured_media":147503,"comment_status":"closed","ping_status":"closed","sticky":false,"template":"","format":"standard","meta":{"_jetpack_memberships_contains_paid_content":false,"footnotes":""},"categories":[31,1],"tags":[],"class_list":["post-147502","post","type-post","status-publish","format-standard","has-post-thumbnail","hentry","category-basquet","category-portada"],"jetpack_featured_media_url":"https:\/\/i0.wp.com\/cdnoticias.com\/wp-content\/uploads\/2021\/12\/premios-abo-4.png?fit=1280%2C853&ssl=1","jetpack_sharing_enabled":true,"_links":{"self":[{"href":"https:\/\/cdnoticias.com\/index.php\/wp-json\/wp\/v2\/posts\/147502","targetHints":{"allow":["GET"]}}],"collection":[{"href":"https:\/\/cdnoticias.com\/index.php\/wp-json\/wp\/v2\/posts"}],"about":[{"href":"https:\/\/cdnoticias.com\/index.php\/wp-json\/wp\/v2\/types\/post"}],"author":[{"embeddable":true,"href":"https:\/\/cdnoticias.com\/index.php\/wp-json\/wp\/v2\/users\/96739694"}],"replies":[{"embeddable":true,"href":"https:\/\/cdnoticias.com\/index.php\/wp-json\/wp\/v2\/comments?post=147502"}],"version-history":[{"count":0,"href":"https:\/\/cdnoticias.com\/index.php\/wp-json\/wp\/v2\/posts\/147502\/revisions"}],"wp:featuredmedia":[{"embeddable":true,"href":"https:\/\/cdnoticias.com\/index.php\/wp-json\/wp\/v2\/media\/147503"}],"wp:attachment":[{"href":"https:\/\/cdnoticias.com\/index.php\/wp-json\/wp\/v2\/media?parent=147502"}],"wp:term":[{"taxonomy":"category","embeddable":true,"href":"https:\/\/cdnoticias.com\/index.php\/wp-json\/wp\/v2\/categories?post=147502"},{"taxonomy":"post_tag","embeddable":true,"href":"https:\/\/cdnoticias.com\/index.php\/wp-json\/wp\/v2\/tags?post=147502"}],"curies":[{"name":"wp","href":"https:\/\/api.w.org\/{rel}","templated":true}]}}