{"id":14748,"date":"2021-02-26T09:44:17","date_gmt":"2021-02-26T12:44:17","guid":{"rendered":"http:\/\/www.centraldenoticias.com.ar\/?p=14748"},"modified":"2021-02-26T11:42:41","modified_gmt":"2021-02-26T14:42:41","slug":"olavarrienses-heridos-en-un-vuelco-en-ruta-226","status":"publish","type":"post","link":"https:\/\/cdnoticias.com\/index.php\/2021\/02\/26\/olavarrienses-heridos-en-un-vuelco-en-ruta-226\/","title":{"rendered":"Olavarrienses heridos en un vuelco en ruta 226"},"content":{"rendered":"<p>Fue a la altura de la localidad bonaerense de Balcarce. Volv\u00edan de Mar del Plata y tuvieron un violento accidente. Fueron hospitalizados.<!--more--><\/p>\n<hr \/>\n<p>En la tarde del \u00faltimo mi\u00e9rcoles,<strong> tres olavarrienses resultaron heridos en un violento vuelco en ruta 226 a la altura de la localidad bonaerense de Balcarce.<\/strong><\/p>\n<p>&nbsp;<\/p>\n<p>Informado por el portal La Vanguardia, <strong>el auto viajaba por ruta 226 en sentido Mar del Plata \u2013 Olavarr\u00eda cuando, por causas que se investigan, perdi\u00f3 el control y volc\u00f3 violentamente.<\/strong> El hecho se produjo en el kil\u00f3metro 62 del camino nacional.<\/p>\n<p>&nbsp;<\/p>\n<p>R\u00e1pidamente, personal de seguridad y de salud se hicieron presentes para atender a las<strong> tres personas \u2013mayores de edad y oriundas de nuestra ciudad- y fueron trasladadas al Hospital por precauci\u00f3n.<\/strong><\/p>\n<p>&nbsp;<\/p>\n<p>Seg\u00fan se logr\u00f3 saber, <strong>la internaci\u00f3n se debi\u00f3 s\u00f3lo para realizar estudios y descartar alguna herida de mayor consideraci\u00f3n.<\/strong> En el lugar del accidente trabaj\u00f3 una ambulancia y personal del Destacamento de Seguridad Vial.<\/p>\n","protected":false},"excerpt":{"rendered":"<p>Fue a la altura de la localidad bonaerense de Balcarce. Volv\u00edan de Mar del Plata y tuvieron un violento accidente.<\/p>\n","protected":false},"author":2,"featured_media":14749,"comment_status":"closed","ping_status":"closed","sticky":false,"template":"","format":"standard","meta":{"_jetpack_memberships_contains_paid_content":false,"footnotes":""},"categories":[14,1],"tags":[],"class_list":["post-14748","post","type-post","status-publish","format-standard","has-post-thumbnail","hentry","category-policiales","category-portada"],"jetpack_featured_media_url":"https:\/\/i0.wp.com\/cdnoticias.com\/wp-content\/uploads\/2021\/02\/accidente-balcarce.jpg?fit=2440%2C1397&ssl=1","jetpack_sharing_enabled":true,"_links":{"self":[{"href":"https:\/\/cdnoticias.com\/index.php\/wp-json\/wp\/v2\/posts\/14748","targetHints":{"allow":["GET"]}}],"collection":[{"href":"https:\/\/cdnoticias.com\/index.php\/wp-json\/wp\/v2\/posts"}],"about":[{"href":"https:\/\/cdnoticias.com\/index.php\/wp-json\/wp\/v2\/types\/post"}],"author":[{"embeddable":true,"href":"https:\/\/cdnoticias.com\/index.php\/wp-json\/wp\/v2\/users\/2"}],"replies":[{"embeddable":true,"href":"https:\/\/cdnoticias.com\/index.php\/wp-json\/wp\/v2\/comments?post=14748"}],"version-history":[{"count":0,"href":"https:\/\/cdnoticias.com\/index.php\/wp-json\/wp\/v2\/posts\/14748\/revisions"}],"wp:featuredmedia":[{"embeddable":true,"href":"https:\/\/cdnoticias.com\/index.php\/wp-json\/wp\/v2\/media\/14749"}],"wp:attachment":[{"href":"https:\/\/cdnoticias.com\/index.php\/wp-json\/wp\/v2\/media?parent=14748"}],"wp:term":[{"taxonomy":"category","embeddable":true,"href":"https:\/\/cdnoticias.com\/index.php\/wp-json\/wp\/v2\/categories?post=14748"},{"taxonomy":"post_tag","embeddable":true,"href":"https:\/\/cdnoticias.com\/index.php\/wp-json\/wp\/v2\/tags?post=14748"}],"curies":[{"name":"wp","href":"https:\/\/api.w.org\/{rel}","templated":true}]}}