{"id":147468,"date":"2022-04-15T17:51:57","date_gmt":"2022-04-15T20:51:57","guid":{"rendered":"http:\/\/centraldeportes.com.ar\/?p=14573"},"modified":"2022-04-15T17:51:57","modified_gmt":"2022-04-15T20:51:57","slug":"el-pre-mundial-de-tiro-con-arco-tiene-lugar-en-olavarria","status":"publish","type":"post","link":"https:\/\/cdnoticias.com\/index.php\/2022\/04\/15\/el-pre-mundial-de-tiro-con-arco-tiene-lugar-en-olavarria\/","title":{"rendered":"El Pre-Mundial de tiro con arco tiene lugar en Olavarr\u00eda"},"content":{"rendered":"<p>Durante el transcurso del fin de semana se desarrollar\u00e1 en la Ciudad un importante certamen de arquer\u00eda con la presencia de m\u00e1s de un centenar de deportistas representantes del pa\u00eds, Chile y Uruguay. Los representantes nacionales buscar\u00e1n las tres plazas en juego para el Mundial.<!--more--><\/p>\n<hr \/>\n<p>Ciento treintaicinco arqueros llegaron a Olavarr\u00eda para ser parte del Torneo doble rankeable de la Federaci\u00f3n Argentina de Tiro con Arco que clasificar\u00e1 a los representantes nacionales al Mundial de Italia que tendr\u00e1 lugar en el mes de septiembre.<\/p>\n<p>&nbsp;<\/p>\n<p>Este viernes, se realiz\u00f3 la inauguraci\u00f3n de la competencia que cuenta con la participaci\u00f3n de cinco olavarrienses en dos categor\u00edas. Jonatahan Pibuel, Roberto Gonz\u00e1lez, Gast\u00f3n Bruni participar\u00e1n en categor\u00eda Cazador y en Libre lo har\u00e1n Nicol\u00e1s Rossi y Pablo T\u00e1lamo que \u201cse juega su chance de representar al pa\u00eds y aunque es un arquero relativamente nuevo, durante los \u00faltimos a\u00f1os est\u00e1 primero en el ranking argentino\u201d.<\/p>\n<p>&nbsp;<\/p>\n<p>[soliloquy slug=&#8221;arco&#8221;]<\/p>\n<p>&nbsp;<\/p>\n<p>La competencia consta de un recorrido de 28 figuras \u201cque no est\u00e1n en peligro de extinci\u00f3n\u201d dispuestas en dos recorridos -seg\u00fan el arco, el recorrido- que tendr\u00e1 durante viernes y s\u00e1bado la clasificaci\u00f3n y el domingo se jugar\u00e1n las finales. Adem\u00e1s habr\u00e1 competencia por equipos durante la jornada sabatina.<\/p>\n<p>&nbsp;<\/p>\n<p>Del acto de inauguraci\u00f3n que tuvo lugar en el Salto de Piedra participaron Adri\u00e1n Antunes Vicepresidente de la Federaci\u00f3n Argentina de Tiro con Arco y Oscar Gonz\u00e1lez, Director de Gesti\u00f3n Deportiva.<\/p>\n","protected":false},"excerpt":{"rendered":"<p>Durante el transcurso del fin de semana se desarrollar\u00e1 en la Ciudad un importante certamen de arquer\u00eda con la presencia<\/p>\n","protected":false},"author":96739694,"featured_media":147469,"comment_status":"closed","ping_status":"closed","sticky":false,"template":"","format":"standard","meta":{"_jetpack_memberships_contains_paid_content":false,"footnotes":""},"categories":[30,1],"tags":[],"class_list":["post-147468","post","type-post","status-publish","format-standard","has-post-thumbnail","hentry","category-polideportivo","category-portada"],"jetpack_featured_media_url":"https:\/\/i0.wp.com\/cdnoticias.com\/wp-content\/uploads\/2022\/04\/arco-17.png?fit=1280%2C853&ssl=1","jetpack_sharing_enabled":true,"_links":{"self":[{"href":"https:\/\/cdnoticias.com\/index.php\/wp-json\/wp\/v2\/posts\/147468","targetHints":{"allow":["GET"]}}],"collection":[{"href":"https:\/\/cdnoticias.com\/index.php\/wp-json\/wp\/v2\/posts"}],"about":[{"href":"https:\/\/cdnoticias.com\/index.php\/wp-json\/wp\/v2\/types\/post"}],"author":[{"embeddable":true,"href":"https:\/\/cdnoticias.com\/index.php\/wp-json\/wp\/v2\/users\/96739694"}],"replies":[{"embeddable":true,"href":"https:\/\/cdnoticias.com\/index.php\/wp-json\/wp\/v2\/comments?post=147468"}],"version-history":[{"count":0,"href":"https:\/\/cdnoticias.com\/index.php\/wp-json\/wp\/v2\/posts\/147468\/revisions"}],"wp:featuredmedia":[{"embeddable":true,"href":"https:\/\/cdnoticias.com\/index.php\/wp-json\/wp\/v2\/media\/147469"}],"wp:attachment":[{"href":"https:\/\/cdnoticias.com\/index.php\/wp-json\/wp\/v2\/media?parent=147468"}],"wp:term":[{"taxonomy":"category","embeddable":true,"href":"https:\/\/cdnoticias.com\/index.php\/wp-json\/wp\/v2\/categories?post=147468"},{"taxonomy":"post_tag","embeddable":true,"href":"https:\/\/cdnoticias.com\/index.php\/wp-json\/wp\/v2\/tags?post=147468"}],"curies":[{"name":"wp","href":"https:\/\/api.w.org\/{rel}","templated":true}]}}