{"id":147460,"date":"2022-04-16T11:10:50","date_gmt":"2022-04-16T14:10:50","guid":{"rendered":"http:\/\/centraldeportes.com.ar\/?p=14626"},"modified":"2022-04-16T11:10:50","modified_gmt":"2022-04-16T14:10:50","slug":"comunicados-de-los-arbitros-y-embajadores-tras-la-suspension-en-inferiores","status":"publish","type":"post","link":"https:\/\/cdnoticias.com\/index.php\/2022\/04\/16\/comunicados-de-los-arbitros-y-embajadores-tras-la-suspension-en-inferiores\/","title":{"rendered":"Comunicados de los \u00e1rbitros y Embajadores tras la suspensi\u00f3n en Inferiores"},"content":{"rendered":"<p>Luego de la suspensi\u00f3n del partido de S\u00e9ptima Divisi\u00f3n entre Loma Negra y Embajadores por los insultos reiterados de un padre identificado con la entidad que se present\u00f3 en Villa Alfredo Fortabat, hubo comunicados del grupo de \u00e1rbitros y de Embajadores.<!--more--><\/p>\n<hr \/>\n<p>Por la tercera fecha del Torneo Apertura, el cotejo entre <a href=\"http:\/\/centraldeportes.com.ar\/padres-insultando-obligaron-la-suspension-de-un-partido-de-inferiores\/\">Loma Negra y Embajadores<\/a> de S\u00e9ptima Divisi\u00f3n no finaliz\u00f3 por la mala conducta de un padre y finalizada la jornada, la Asociaci\u00f3n de \u00c1rbitros de Olavarr\u00eda emiti\u00f3 un comunicado donde destac\u00f3 y apoy\u00f3 la decisi\u00f3n de la terna que era encabezada por Ram\u00f3n Arce: \u201c<strong><em>Luego de pedirle al padre, identificado con el Club Embajadores, que se retire del estadio y obteniendo s\u00f3lo la negativa y m\u00e1s insultos, se decidi\u00f3 -muy acertadamente- dar por suspendido el encuentro. Repudiamos y acompa\u00f1amos a los compa\u00f1eros en esta decisi\u00f3n<\/em><\/strong>\u201d.<\/p>\n<p>&nbsp;<\/p>\n<p>Luego de recordar que la competencia formativa debe tener a los chicos como protagonistas agradeci\u00f3 el apoyo de los dirigentes de la Liga de F\u00fatbol.<\/p>\n<p>&nbsp;<\/p>\n<p>Por otro lado, el Club Embajadores tambi\u00e9n se explay\u00f3 sobre lo acontecido en el estadio del \u201cCeleste\u201d: \u201c<strong><em>Desde la instituci\u00f3n repudiamos este tipo de hechos y nos ponemos a disposici\u00f3n del \u00e1rbitro para encontrarle soluci\u00f3n a la problem\u00e1tica. Si bien se trata de una situaci\u00f3n aislada, tomaremos cartas en el asunto para que esto no vuelva a suceder y as\u00ed asegurar el bienestar de los chicos y sus pares<\/em><\/strong>\u201d.<\/p>\n<p>&nbsp;<\/p>\n","protected":false},"excerpt":{"rendered":"<p>Luego de la suspensi\u00f3n del partido de S\u00e9ptima Divisi\u00f3n entre Loma Negra y Embajadores por los insultos reiterados de un<\/p>\n","protected":false},"author":96739694,"featured_media":147461,"comment_status":"closed","ping_status":"closed","sticky":false,"template":"","format":"standard","meta":{"_jetpack_memberships_contains_paid_content":false,"footnotes":""},"categories":[35,40,1],"tags":[],"class_list":["post-147460","post","type-post","status-publish","format-standard","has-post-thumbnail","hentry","category-futbol","category-inferiores","category-portada"],"jetpack_featured_media_url":"https:\/\/i0.wp.com\/cdnoticias.com\/wp-content\/uploads\/2022\/04\/inferiores-futbol-5.png?fit=1280%2C853&ssl=1","jetpack_sharing_enabled":true,"_links":{"self":[{"href":"https:\/\/cdnoticias.com\/index.php\/wp-json\/wp\/v2\/posts\/147460","targetHints":{"allow":["GET"]}}],"collection":[{"href":"https:\/\/cdnoticias.com\/index.php\/wp-json\/wp\/v2\/posts"}],"about":[{"href":"https:\/\/cdnoticias.com\/index.php\/wp-json\/wp\/v2\/types\/post"}],"author":[{"embeddable":true,"href":"https:\/\/cdnoticias.com\/index.php\/wp-json\/wp\/v2\/users\/96739694"}],"replies":[{"embeddable":true,"href":"https:\/\/cdnoticias.com\/index.php\/wp-json\/wp\/v2\/comments?post=147460"}],"version-history":[{"count":0,"href":"https:\/\/cdnoticias.com\/index.php\/wp-json\/wp\/v2\/posts\/147460\/revisions"}],"wp:featuredmedia":[{"embeddable":true,"href":"https:\/\/cdnoticias.com\/index.php\/wp-json\/wp\/v2\/media\/147461"}],"wp:attachment":[{"href":"https:\/\/cdnoticias.com\/index.php\/wp-json\/wp\/v2\/media?parent=147460"}],"wp:term":[{"taxonomy":"category","embeddable":true,"href":"https:\/\/cdnoticias.com\/index.php\/wp-json\/wp\/v2\/categories?post=147460"},{"taxonomy":"post_tag","embeddable":true,"href":"https:\/\/cdnoticias.com\/index.php\/wp-json\/wp\/v2\/tags?post=147460"}],"curies":[{"name":"wp","href":"https:\/\/api.w.org\/{rel}","templated":true}]}}