{"id":14745,"date":"2021-02-26T09:15:18","date_gmt":"2021-02-26T12:15:18","guid":{"rendered":"http:\/\/www.centraldenoticias.com.ar\/?p=14745"},"modified":"2021-02-26T09:15:18","modified_gmt":"2021-02-26T12:15:18","slug":"aprehendieron-a-una-mujer-por-romper-una-prohibicion-de-acercamiento","status":"publish","type":"post","link":"https:\/\/cdnoticias.com\/index.php\/2021\/02\/26\/aprehendieron-a-una-mujer-por-romper-una-prohibicion-de-acercamiento\/","title":{"rendered":"Aprehendieron a una mujer por romper una prohibici\u00f3n de acercamiento"},"content":{"rendered":"<p>Fue en la jornada del jueves por la noche, tras el aviso a la polic\u00eda. La medida estaba interpuesta por el Juzgado de Familia N\u00b0 1.<!--more--><\/p>\n<hr \/>\n<p>En la noche de este jueves,<strong> personal del Comando de Patrullas aprehendi\u00f3 a una joven de 23 a\u00f1os por romper una prohibici\u00f3n de acercamiento.<\/strong><\/p>\n<p>&nbsp;<\/p>\n<p>El hecho se produjo en la noche del jueves, cuando polic\u00edas acudieron a un llamado que daba cuenta de una mujer <em>\u201cen cercan\u00edas de su ex pareja\u201d<\/em> y detectando, tras el entrecruzamiento de datos, que <strong>hab\u00eda medidas cautelares en su contra.<\/strong><\/p>\n<p>&nbsp;<\/p>\n<p>Entre ellas, <strong>hab\u00eda una prohibici\u00f3n de acercamiento, un per\u00edmetro de exclusi\u00f3n, entre otras, dictaminadas por el Juzgado de Familia N\u00b0 1 de nuestra ciudad.<\/strong><\/p>\n<p>&nbsp;<\/p>\n<p><strong>La joven aprehendida fue trasladada a la Comisar\u00eda Primera para quedar a disposici\u00f3n del magistrado interviniente, la Secretar\u00eda Especializada en Violencia Familiar y de G\u00e9nero<\/strong> que depende de la UFI N\u00b010, a cargo de la doctora Viviana Beyt\u00eda. La causa fue caratulada como \u201cDesobediencia\u201d.<\/p>\n","protected":false},"excerpt":{"rendered":"<p>Fue en la jornada del jueves por la noche, tras el aviso a la polic\u00eda. La medida estaba interpuesta por<\/p>\n","protected":false},"author":2,"featured_media":14746,"comment_status":"closed","ping_status":"closed","sticky":false,"template":"","format":"standard","meta":{"_jetpack_memberships_contains_paid_content":false,"footnotes":""},"categories":[14,1],"tags":[],"class_list":["post-14745","post","type-post","status-publish","format-standard","has-post-thumbnail","hentry","category-policiales","category-portada"],"jetpack_featured_media_url":"https:\/\/i0.wp.com\/cdnoticias.com\/wp-content\/uploads\/2021\/02\/WhatsApp-Image-2021-02-26-at-08.45.28.jpg?fit=777%2C525&ssl=1","jetpack_sharing_enabled":true,"_links":{"self":[{"href":"https:\/\/cdnoticias.com\/index.php\/wp-json\/wp\/v2\/posts\/14745","targetHints":{"allow":["GET"]}}],"collection":[{"href":"https:\/\/cdnoticias.com\/index.php\/wp-json\/wp\/v2\/posts"}],"about":[{"href":"https:\/\/cdnoticias.com\/index.php\/wp-json\/wp\/v2\/types\/post"}],"author":[{"embeddable":true,"href":"https:\/\/cdnoticias.com\/index.php\/wp-json\/wp\/v2\/users\/2"}],"replies":[{"embeddable":true,"href":"https:\/\/cdnoticias.com\/index.php\/wp-json\/wp\/v2\/comments?post=14745"}],"version-history":[{"count":0,"href":"https:\/\/cdnoticias.com\/index.php\/wp-json\/wp\/v2\/posts\/14745\/revisions"}],"wp:featuredmedia":[{"embeddable":true,"href":"https:\/\/cdnoticias.com\/index.php\/wp-json\/wp\/v2\/media\/14746"}],"wp:attachment":[{"href":"https:\/\/cdnoticias.com\/index.php\/wp-json\/wp\/v2\/media?parent=14745"}],"wp:term":[{"taxonomy":"category","embeddable":true,"href":"https:\/\/cdnoticias.com\/index.php\/wp-json\/wp\/v2\/categories?post=14745"},{"taxonomy":"post_tag","embeddable":true,"href":"https:\/\/cdnoticias.com\/index.php\/wp-json\/wp\/v2\/tags?post=14745"}],"curies":[{"name":"wp","href":"https:\/\/api.w.org\/{rel}","templated":true}]}}