{"id":147438,"date":"2022-04-17T12:40:37","date_gmt":"2022-04-17T15:40:37","guid":{"rendered":"http:\/\/centraldeportes.com.ar\/?p=14692"},"modified":"2022-04-17T12:40:37","modified_gmt":"2022-04-17T15:40:37","slug":"josefina-vigo-volvio-y-llego-octava-en-la-liga-speedagro-racing","status":"publish","type":"post","link":"https:\/\/cdnoticias.com\/index.php\/2022\/04\/17\/josefina-vigo-volvio-y-llego-octava-en-la-liga-speedagro-racing\/","title":{"rendered":"Josefina Vigo volvi\u00f3 y lleg\u00f3 octava en la Liga Speedagro Racing"},"content":{"rendered":"<p>Fue la primera presentaci\u00f3n de esta nueva categor\u00eda que acompa\u00f1a al Turismo Carretera y al TC Pista. Lucas Barbalarga su qued\u00f3 con la victoria.<!--more--><\/p>\n<hr \/>\n<p>Este domingo se produjo el regreso de Josefina Vigo a las pistas, luego de su \u00faltima presentaci\u00f3n en el Top Race Series en diciembre de 2019. Se trata de la nueva categor\u00eda de Fiat Punto, denominada Liga Speedagro Racing.<\/p>\n<p>&nbsp;<\/p>\n<p>La categor\u00eda acompa\u00f1a al Turismo Carretera y el TC Pista y este domingo en el aut\u00f3dromo de Toay, en la provincia de La Pampa, disput\u00f3 su primera fecha.<\/p>\n<p>&nbsp;<\/p>\n<p>La final tuvo una dura pelea entre el piloto de Saladillo, Lucas Barbalarga, que le gan\u00f3 el duelo a Carlos Sava, luego de varios toques y maniobras ajustadas pudo festejar en lo m\u00e1s alto del podio. Sava arrib\u00f3 segundo y Lu\u00eds Catelli ocup\u00f3 el \u00faltimo escal\u00f3n.<\/p>\n<p>&nbsp;<\/p>\n<p>La mejor dama fue Valentina Funes que arrib\u00f3 en el cuarto lugar, mientras que Daiana Maximiliano fue quinta. Sexto arrib\u00f3 Ignacio Polizzi, s\u00e9ptima Julieta G\u00e1lvez y octava Josefina Vigo.<\/p>\n<p>&nbsp;<\/p>\n<p>La olavarriense se mostr\u00f3 muy feliz tras este esperado regreso, y asegur\u00f3 que se sinti\u00f3 muy a gusto con la categor\u00eda, pudo haber estado m\u00e1s delante de no ser por un semi trompo en el que casi pierde el auto. Si bien no pudo confirmar su presencia en la pr\u00f3xima fecha de la categor\u00eda -ser\u00e1 el 8 de mayo en Termas de R\u00edo Hondo-, asegur\u00f3 que trabajar\u00e1 en el presupuesto para poder estar presente.<\/p>\n","protected":false},"excerpt":{"rendered":"<p>Fue la primera presentaci\u00f3n de esta nueva categor\u00eda que acompa\u00f1a al Turismo Carretera y al TC Pista. Lucas Barbalarga su<\/p>\n","protected":false},"author":96739694,"featured_media":147439,"comment_status":"closed","ping_status":"closed","sticky":false,"template":"","format":"standard","meta":{"_jetpack_memberships_contains_paid_content":false,"footnotes":""},"categories":[34,1],"tags":[],"class_list":["post-147438","post","type-post","status-publish","format-standard","has-post-thumbnail","hentry","category-automovilismo","category-portada"],"jetpack_featured_media_url":"https:\/\/i0.wp.com\/cdnoticias.com\/wp-content\/uploads\/2022\/04\/WhatsApp-Image-2022-04-17-at-11.51.27-AM.jpeg?fit=1280%2C806&ssl=1","jetpack_sharing_enabled":true,"_links":{"self":[{"href":"https:\/\/cdnoticias.com\/index.php\/wp-json\/wp\/v2\/posts\/147438","targetHints":{"allow":["GET"]}}],"collection":[{"href":"https:\/\/cdnoticias.com\/index.php\/wp-json\/wp\/v2\/posts"}],"about":[{"href":"https:\/\/cdnoticias.com\/index.php\/wp-json\/wp\/v2\/types\/post"}],"author":[{"embeddable":true,"href":"https:\/\/cdnoticias.com\/index.php\/wp-json\/wp\/v2\/users\/96739694"}],"replies":[{"embeddable":true,"href":"https:\/\/cdnoticias.com\/index.php\/wp-json\/wp\/v2\/comments?post=147438"}],"version-history":[{"count":0,"href":"https:\/\/cdnoticias.com\/index.php\/wp-json\/wp\/v2\/posts\/147438\/revisions"}],"wp:featuredmedia":[{"embeddable":true,"href":"https:\/\/cdnoticias.com\/index.php\/wp-json\/wp\/v2\/media\/147439"}],"wp:attachment":[{"href":"https:\/\/cdnoticias.com\/index.php\/wp-json\/wp\/v2\/media?parent=147438"}],"wp:term":[{"taxonomy":"category","embeddable":true,"href":"https:\/\/cdnoticias.com\/index.php\/wp-json\/wp\/v2\/categories?post=147438"},{"taxonomy":"post_tag","embeddable":true,"href":"https:\/\/cdnoticias.com\/index.php\/wp-json\/wp\/v2\/tags?post=147438"}],"curies":[{"name":"wp","href":"https:\/\/api.w.org\/{rel}","templated":true}]}}